{"id":10277,"date":"2022-07-14T08:00:00","date_gmt":"2022-07-14T06:00:00","guid":{"rendered":"http:\/\/deltanet.hu\/?p=10277"},"modified":"2022-07-14T15:22:26","modified_gmt":"2022-07-14T13:22:26","slug":"ellenorizne-az-eletkort-az-instagram","status":"publish","type":"post","link":"https:\/\/deltanet.hu\/index.php\/ellenorizne-az-eletkort-az-instagram\/","title":{"rendered":"Ellen\u0151rizn\u00e9 az \u00e9letkort az Instagram"},"content":{"rendered":"\n<p class=\"has-normal-font-size\">\u00daj megold\u00e1st tesztel a k\u00f6z\u00f6ss\u00e9gi platform, amivel a felhaszn\u00e1l\u00f3k \u00e9letkorukat hitelt \u00e9rdeml\u0151en tudj\u00e1k igazolni. <\/p>\n\n\n\n<p class=\"has-normal-font-size\">A <strong>Meta<\/strong> tulajdonolta Instagram jelenleg Amerik\u00e1ban teszteli az azonos\u00edt\u00e1sra alkalmas szelfi vide\u00f3 int\u00e9zm\u00e9ny\u00e9t: a regisztr\u00e1lni v\u00e1gy\u00f3 vagy \u00e9letkor m\u00f3dos\u00edt\u00e1st ind\u00edt\u00f3 felhaszn\u00e1l\u00f3knak a telefon k\u00e9perny\u0151j\u00e9n megjelen\u0151 instrukci\u00f3k szerint egy r\u00f6vid vide\u00f3t kell k\u00e9sz\u00edteni\u00fck, amelyet azt\u00e1n el kell k\u00fcldeni\u00fck az Instagramnak.<br><\/p>\n\n\n\n<p class=\"has-normal-font-size\">A v\u00e1llalat ezt k\u00f6vet\u0151en a kapott felv\u00e9telt megosztja egy \u00e9lekor-hiteles\u00edt\u00e9sre szakosodott c\u00e9ggel \u00e9s az \u00e1ltaluk gy\u00e1rtott arcfelismer\u0151 szoftver pedig kielemzi a vide\u00f3t, \u00e9s az alapj\u00e1n meghat\u00e1rozza a felhaszn\u00e1l\u00f3 \u00e9letkor\u00e1t.<br>Az elm\u00falt id\u0151szakban egyre t\u00f6bb per indult a k\u00f6z\u00f6ss\u00e9gi m\u00e9dia platformok ellen, mert a fiatalabb felhaszn\u00e1l\u00f3k nem a koruknak megfelel\u0151 hirdet\u00e9sekkel, posztokkal, tartalmakkal tal\u00e1lkoznak a h\u00edrfolyam g\u00f6rget\u00e9se sor\u00e1n. <br>Mindez rontja a felhaszn\u00e1l\u00f3 \u00e9letmin\u0151s\u00e9g\u00e9t, \u00e9s adott esetben lelki s\u00e9r\u00fcl\u00e9seket is okozhat.<\/p>\n\n\n\n<figure class=\"wp-block-image size-large\"><img decoding=\"async\" loading=\"lazy\" width=\"800\" height=\"400\" src=\"https:\/\/deltanet.hu\/wp-content\/uploads\/2022\/07\/netpercek_cikk_instagram-ke\u0301p.jpg\" alt=\"\" class=\"wp-image-10280\" srcset=\"https:\/\/deltanet.hu\/wp-content\/uploads\/2022\/07\/netpercek_cikk_instagram-ke\u0301p.jpg 800w, https:\/\/deltanet.hu\/wp-content\/uploads\/2022\/07\/netpercek_cikk_instagram-ke\u0301p-300x150.jpg 300w, https:\/\/deltanet.hu\/wp-content\/uploads\/2022\/07\/netpercek_cikk_instagram-ke\u0301p-768x384.jpg 768w\" sizes=\"(max-width: 800px) 100vw, 800px\" \/><\/figure>\n\n\n\n<p class=\"has-normal-font-size\">A helyzetet tov\u00e1bb rontja az is, hogy n\u00e9h\u00e1ny dokumentum szerint a Meta tiszt\u00e1ban volt azzal, hogy sok kiskor\u00fa felhaszn\u00e1l\u00f3 hazudja mag\u00e1t id\u0151sebbnek a regisztr\u00e1ci\u00f3 \u00e9rdekben, de a k\u00f6z\u00f6ss\u00e9gi m\u00e9dia\u00f3ri\u00e1s nem tett semmit, hogy ezt megakad\u00e1lyozza. <br>A <strong>Meta<\/strong> azt rem\u00e9li az \u00e9letkor-hiteles\u00edt\u00e9st\u0151l, hogy a fiatal felhaszn\u00e1l\u00f3k az \u00e9letkoruknak megfelel\u0151 Instagram \u00e9lm\u00e9nyben r\u00e9szes\u00fcljenek.<br><\/p>\n\n\n\n<p class=\"has-normal-font-size\">A szelfi vide\u00f3n t\u00fal egy\u00e9bk\u00e9nt egy m\u00e1sik, szint\u00e9n tesztel\u00e9s alatt l\u00e9v\u0151 lehet\u0151s\u00e9ggel hiteles\u00edthetik \u00e9letkorukat az \u00fajonnan regisztr\u00e1l\u00f3 vagy \u00e9letkor m\u00f3dos\u00edt\u00e1st k\u00e9r\u0151 felhaszn\u00e1l\u00f3k: h\u00e1rom a platform szerint feln\u0151tt<br>Insta-felhaszn\u00e1l\u00f3t kell megk\u00e9rni\u00fck, hogy kezeskedjenek \u00e9rt\u00fck.<br><br>Ha a szelfi vide\u00f3 \u00e9s a kezesked\u00e9s bev\u00e1lik, val\u00f3sz\u00edn\u0171leg az eur\u00f3pai,<br>\u00edgy a hazai felhaszn\u00e1l\u00f3k is tal\u00e1lkozhatnak majd a k\u00e9t \u00faj azonos\u00edt\u00e1si alternat\u00edv\u00e1val.<br><\/p>\n\n\n\n<p class=\"has-normal-font-size\">Forr\u00e1s: <br><a href=\"https:\/\/www.itbusiness.hu\/technology\/cegvilag_n\/szelfi-videoval-ellenorizne-a-felhasznalok-eletkorat-az-instagram\">https:\/\/www.itbusiness.hu\/technology\/cegvilag_n\/szelfi-videoval-ellenorizne-a-felhasznalok-eletkorat-az-instagram<\/a><\/p>\n\n\n\n<p><\/p>\n\n\n\n<p><br><\/p>\n","protected":false},"excerpt":{"rendered":"<p>\u00daj megold\u00e1st tesztel a k\u00f6z\u00f6ss\u00e9gi platform, amivel a felhaszn\u00e1l\u00f3k \u00e9letkorukat hitelt \u00e9rdeml\u0151en tudj\u00e1k igazolni. A Meta tulajdonolta Instagram jelenleg Amerik\u00e1ban teszteli az azonos\u00edt\u00e1sra alkalmas szelfi<\/p>\n","protected":false},"author":10,"featured_media":10324,"comment_status":"closed","ping_status":"closed","sticky":false,"template":"","format":"standard","meta":{"_mi_skip_tracking":false},"categories":[4,1342,1341,1343,1],"tags":[],"_links":{"self":[{"href":"https:\/\/deltanet.hu\/index.php\/wp-json\/wp\/v2\/posts\/10277"}],"collection":[{"href":"https:\/\/deltanet.hu\/index.php\/wp-json\/wp\/v2\/posts"}],"about":[{"href":"https:\/\/deltanet.hu\/index.php\/wp-json\/wp\/v2\/types\/post"}],"author":[{"embeddable":true,"href":"https:\/\/deltanet.hu\/index.php\/wp-json\/wp\/v2\/users\/10"}],"replies":[{"embeddable":true,"href":"https:\/\/deltanet.hu\/index.php\/wp-json\/wp\/v2\/comments?post=10277"}],"version-history":[{"count":5,"href":"https:\/\/deltanet.hu\/index.php\/wp-json\/wp\/v2\/posts\/10277\/revisions"}],"predecessor-version":[{"id":10283,"href":"https:\/\/deltanet.hu\/index.php\/wp-json\/wp\/v2\/posts\/10277\/revisions\/10283"}],"wp:featuredmedia":[{"embeddable":true,"href":"https:\/\/deltanet.hu\/index.php\/wp-json\/wp\/v2\/media\/10324"}],"wp:attachment":[{"href":"https:\/\/deltanet.hu\/index.php\/wp-json\/wp\/v2\/media?parent=10277"}],"wp:term":[{"taxonomy":"category","embeddable":true,"href":"https:\/\/deltanet.hu\/index.php\/wp-json\/wp\/v2\/categories?post=10277"},{"taxonomy":"post_tag","embeddable":true,"href":"https:\/\/deltanet.hu\/index.php\/wp-json\/wp\/v2\/tags?post=10277"}],"curies":[{"name":"wp","href":"https:\/\/api.w.org\/{rel}","templated":true}]}}