{"id":10442,"date":"2022-07-26T13:01:47","date_gmt":"2022-07-26T11:01:47","guid":{"rendered":"http:\/\/deltanet.hu\/?p=10442"},"modified":"2022-07-26T13:01:49","modified_gmt":"2022-07-26T11:01:49","slug":"tobb-profilunk-is-lehet-a-facebookon","status":"publish","type":"post","link":"https:\/\/deltanet.hu\/index.php\/tobb-profilunk-is-lehet-a-facebookon\/","title":{"rendered":"T\u00f6bb profilunk is lehet a Facebookon?"},"content":{"rendered":"\n<p style=\"font-size:17px\">Sz\u00e1mos m\u00e1s online platformhoz hasonl\u00f3an lehet\u0151s\u00e9get adna r\u00e1 a Facebook, hogy <strong>egy regisztr\u00e1lt felhaszn\u00e1l\u00f3 t\u00f6bb profilt<\/strong> is haszn\u00e1lhasson p\u00e1rhuzamosan. Az \u00faj rendszer hozz\u00e1seg\u00edtheti a vil\u00e1g legnagyobb k\u00f6z\u00f6ss\u00e9gi szolg\u00e1ltat\u00e1s\u00e1t ahhoz, hogy az aktivit\u00e1st valamelyest serkentse a platformon, ezzel p\u00e1rhuzamosan g\u00e1tat vegyen a felhaszn\u00e1l\u00f3k elv\u00e1ndorl\u00e1s\u00e1nak.<br><br>Az \u00faj m\u00f3dszerrel pr\u00f3b\u00e1ln\u00e1 r\u00e1b\u00edrni a regisztr\u00e1lt felhaszn\u00e1l\u00f3kat, hogy ne hagyj\u00e1k el a platformot, illetve passz\u00edv felhaszn\u00e1l\u00f3b\u00f3l akt\u00edvv\u00e1 v\u00e1ljanak.<br><\/p>\n\n\n\n<div class=\"wp-block-image\"><figure class=\"aligncenter size-large\"><img decoding=\"async\" loading=\"lazy\" width=\"800\" height=\"500\" src=\"https:\/\/deltanet.hu\/wp-content\/uploads\/2022\/07\/netpercek_facebook-cikk.jpg\" alt=\"\" class=\"wp-image-10446\" srcset=\"https:\/\/deltanet.hu\/wp-content\/uploads\/2022\/07\/netpercek_facebook-cikk.jpg 800w, https:\/\/deltanet.hu\/wp-content\/uploads\/2022\/07\/netpercek_facebook-cikk-300x188.jpg 300w, https:\/\/deltanet.hu\/wp-content\/uploads\/2022\/07\/netpercek_facebook-cikk-768x480.jpg 768w\" sizes=\"(max-width: 800px) 100vw, 800px\" \/><\/figure><\/div>\n\n\n\n<p style=\"font-size:17px\">J\u00f6het az egy regisztr\u00e1ci\u00f3hoz tartoz\u00f3 t\u00f6bb felhaszn\u00e1l\u00f3i profil.  Az \u00faj rendszert egy sz\u0171kebb felhaszn\u00e1l\u00f3i csoporttal teszteli a Facebook,  \u0151k a regisztr\u00e1ci\u00f3juk al\u00e1 tov\u00e1bbi n\u00e9gy alternat\u00edv profilt vehetnek fel.<br>A c\u00e9g szerint ezeket a profilokat k\u00fcl\u00f6nb\u00f6z\u0151 c\u00e9lokra lehetne haszn\u00e1lni, \u00edgy k\u00fcl\u00f6n profilt haszn\u00e1lhatna a felhaszn\u00e1l\u00f3 p\u00e9ld\u00e1ul a bar\u00e1tokkal, a koll\u00e9g\u00e1kkal vagy a csal\u00e1dtagokkal val\u00f3 kapcsolattart\u00e1sra.<br>Mindez nem jelenti azt, hogy a k\u00f6z\u00f6ss\u00e9gi szolg\u00e1ltat\u00e1s ir\u00e1nyelvei lazuln\u00e1nak, \u00edgy b\u00e1rmelyik profillal is szegi meg a tag a felhaszn\u00e1l\u00e1si felt\u00e9teleket, annak k\u00f6vetkezm\u00e9nyei kihatnak az \u00f6sszes t\u00f6bbi profilra, illetve a kapcsolt felhaszn\u00e1l\u00f3i fi\u00f3kra.<\/p>\n\n\n\n<p style=\"font-size:17px\">A p\u00e1rhuzamos profilok haszn\u00e1lat\u00e1val ugyanakkor egy kor\u00e1bbi tabut mindenk\u00e9ppen led\u00f6nt a Facebook, \u00edgy a profilneveknek a tervek szerint nem kell val\u00f3di neveknek lenni\u00fck, ugyanakkor bizonyos formai \u00e9s egy\u00e9b k\u00f6vetelm\u00e9nyeknek meg kell felelni\u00fck.<br>A tesztel\u00e9s alatt \u00e1ll\u00f3 \u00faj rendszer j\u00f3l jelzi, hogy a Meta sz\u00e1m\u00e1ra az ut\u00f3bbi id\u0151szakban kiemelt priorit\u00e1ss\u00e1 v\u00e1lt az \u00fcgyf\u00e9l-elv\u00e1ndorl\u00e1s megf\u00e9kez\u00e9se, illetve a fiatalabb koroszt\u00e1ly bevonz\u00e1sa, megtart\u00e1sa. <br>A tavalyi utols\u00f3 negyed\u00e9vben a Facebook fenn\u00e1ll\u00e1sa \u00f3ta el\u0151sz\u00f6r jelentett cs\u00f6kken\u0151 akt\u00edv felhaszn\u00e1l\u00f3sz\u00e1mot, melynek hat\u00e1s\u00e1ra a c\u00e9g r\u00e9szv\u00e9nyeinek \u00e1rfolyama az elm\u00falt hat h\u00f3napban t\u00f6bb mint 50%-ot zuhant.<\/p>\n\n\n\n<p style=\"font-size:17px\">Forr\u00e1s:<br><a href=\"https:\/\/www.hwsw.hu\/hirek\/64899\/facebook-meta-profil-regisztracio-felhasznalo-teszt.html\">https:\/\/www.hwsw.hu\/hirek\/64899\/facebook-meta-profil-regisztracio-felhasznalo-teszt.html<\/a><\/p>\n","protected":false},"excerpt":{"rendered":"<p>Sz\u00e1mos m\u00e1s online platformhoz hasonl\u00f3an lehet\u0151s\u00e9get adna r\u00e1 a Facebook, hogy egy regisztr\u00e1lt felhaszn\u00e1l\u00f3 t\u00f6bb profilt is haszn\u00e1lhasson p\u00e1rhuzamosan. Az \u00faj rendszer hozz\u00e1seg\u00edtheti a vil\u00e1g<\/p>\n","protected":false},"author":10,"featured_media":10452,"comment_status":"closed","ping_status":"closed","sticky":false,"template":"","format":"standard","meta":{"_mi_skip_tracking":false},"categories":[1320,35,4,1344,1312,1341],"tags":[],"_links":{"self":[{"href":"https:\/\/deltanet.hu\/index.php\/wp-json\/wp\/v2\/posts\/10442"}],"collection":[{"href":"https:\/\/deltanet.hu\/index.php\/wp-json\/wp\/v2\/posts"}],"about":[{"href":"https:\/\/deltanet.hu\/index.php\/wp-json\/wp\/v2\/types\/post"}],"author":[{"embeddable":true,"href":"https:\/\/deltanet.hu\/index.php\/wp-json\/wp\/v2\/users\/10"}],"replies":[{"embeddable":true,"href":"https:\/\/deltanet.hu\/index.php\/wp-json\/wp\/v2\/comments?post=10442"}],"version-history":[{"count":8,"href":"https:\/\/deltanet.hu\/index.php\/wp-json\/wp\/v2\/posts\/10442\/revisions"}],"predecessor-version":[{"id":10451,"href":"https:\/\/deltanet.hu\/index.php\/wp-json\/wp\/v2\/posts\/10442\/revisions\/10451"}],"wp:featuredmedia":[{"embeddable":true,"href":"https:\/\/deltanet.hu\/index.php\/wp-json\/wp\/v2\/media\/10452"}],"wp:attachment":[{"href":"https:\/\/deltanet.hu\/index.php\/wp-json\/wp\/v2\/media?parent=10442"}],"wp:term":[{"taxonomy":"category","embeddable":true,"href":"https:\/\/deltanet.hu\/index.php\/wp-json\/wp\/v2\/categories?post=10442"},{"taxonomy":"post_tag","embeddable":true,"href":"https:\/\/deltanet.hu\/index.php\/wp-json\/wp\/v2\/tags?post=10442"}],"curies":[{"name":"wp","href":"https:\/\/api.w.org\/{rel}","templated":true}]}}