{"id":10591,"date":"2022-08-31T08:17:06","date_gmt":"2022-08-31T06:17:06","guid":{"rendered":"http:\/\/deltanet.hu\/?p=10591"},"modified":"2022-08-31T08:17:09","modified_gmt":"2022-08-31T06:17:09","slug":"rakaptak-a-magyarok-a-mobilinternetre","status":"publish","type":"post","link":"https:\/\/deltanet.hu\/index.php\/rakaptak-a-magyarok-a-mobilinternetre\/","title":{"rendered":"R\u00e1kaptak a magyarok a mobilinternetre"},"content":{"rendered":"\n<p>A Nemzeti M\u00e9dia- \u00e9s H\u00edrk\u00f6zl\u00e9si Hat\u00f3s\u00e1g felm\u00e9r\u00e9se szerint 2016 \u00e9s 2019 k\u00f6z\u00f6tt kilencszeres\u00e9re n\u0151tt az egy SIM-k\u00e1rty\u00e1ra jut\u00f3, leforgalmazott mobiladat mennyis\u00e9ge.<\/p>\n\n\n\n<p>B\u00e1r m\u00e1r \u00e9vek \u00f3ta vel\u00fcnk van a technol\u00f3gia, a mobilnetez\u00e9s n\u00e9pszer\u0171s\u00e9ge tov\u00e1bbra is folyamatosan n\u00f6vekszik. Ez t\u00fckr\u00f6z\u0151dik vissza az NMHH \u00e1ltal a mobilszolg\u00e1ltat\u00f3kt\u00f3l gy\u0171jt\u00f6tt forgalmi adatok elemz\u00e9s\u00e9b\u0151l is.<\/p>\n\n\n\n<p>A hangszolg\u00e1ltat\u00e1sra haszn\u00e1lt mobiltelefon-el\u0151fizet\u00e9sek sz\u00e1ma az elm\u00falt hat \u00e9vben alig v\u00e1ltozott, csaknem el\u00e9ri a t\u00edzmilli\u00f3t. Ezen SIM-k\u00e1rty\u00e1k k\u00f6z\u00fcl viszont \u00e9vr\u0151l \u00e9vre t\u00f6bb csatlakozott a mobilinternetre. M\u00edg 2016-ban k\u00f6zel \u00f6tmilli\u00f3 SIM-k\u00e1rtya m\u0171k\u00f6d\u00f6tt, 2021-re a sz\u00e1muk 7 milli\u00f3 fel\u00e9 emelkedett, ami m\u00e1r a k\u00e1rty\u00e1k h\u00e1romnegyed\u00e9t tette ki. Enn\u00e9l is meredekebben emelkedett az egy SIM-k\u00e1rty\u00e1ra es\u0151 forgalmazott mobil adat-mennyis\u00e9g: ez a 2016-os 0,8 gigab\u00e1jtr\u00f3l 2021-re kilencszeres\u00e9re, azaz 7,5 gigab\u00e1jtra ugrott. Ennek oka, hogy nemcsak egyre t\u00f6bben haszn\u00e1lj\u00e1k a mobilinternetet, hanem egyre intenz\u00edvebben is, azaz: t\u00f6bb ideig b\u00f6ng\u00e9sznek, streamelt m\u00e9di\u00e1t fogyasztanak vagy \u00e9pp video csetelnek.<\/p>\n\n\n\n<p>A felm\u00e9r\u00e9s szerint a mobilinternetet haszn\u00e1l\u00f3k ar\u00e1nya meredeken emelkedett. 2016-ban a 14 \u00e9ves vagy id\u0151sebb lakoss\u00e1gnak 38 sz\u00e1zal\u00e9ka haszn\u00e1lt csak mobilinternetet, 2021-re viszont az ar\u00e1nyuk m\u00e1r 67 sz\u00e1zal\u00e9k volt, ami kb. 5,6 milli\u00f3 embert jelentett az orsz\u00e1gban. Kor\u00e1bban k\u00f6r\u00fclbel\u00fcl 6,3 milli\u00f3 14 \u00e9ves vagy id\u0151sebb ember internetezett a mobiltelefonj\u00e1n. Ebb\u0151l a wifivel internetez\u0151k ar\u00e1nya m\u00e1ra mintegy harmad\u00e1ra, 28 sz\u00e1zal\u00e9kr\u00f3l 9 sz\u00e1zal\u00e9kra esett vissza.<\/p>\n\n\n\n<p>A k\u00e9rd\u00e9sre, hogy mi\u00e9rt nem interneteznek a mobiltelefonjukon 21 sz\u00e1zal\u00e9kuk azt mondta, hogy a mobil k\u00e9sz\u00fcl\u00e9ke nem alkalmas az internetez\u00e9sre. A k\u00e9sz\u00fcl\u00e9kek meg\u00fajul\u00e1s\u00e1val azonban tov\u00e1bb fog b\u0151v\u00fclni a mobilon internetez\u0151k t\u00e1bora.<\/p>\n\n\n\n<p>Forr\u00e1s: https:\/\/hvg.hu\/tudomany\/20220823_mobilinternet_adatforgalo m_okostelefon_wifi_felmeres_nmhh<\/p>\n","protected":false},"excerpt":{"rendered":"<p>A Nemzeti M\u00e9dia- \u00e9s H\u00edrk\u00f6zl\u00e9si Hat\u00f3s\u00e1g felm\u00e9r\u00e9se szerint 2016 \u00e9s 2019 k\u00f6z\u00f6tt kilencszeres\u00e9re n\u0151tt az egy SIM-k\u00e1rty\u00e1ra jut\u00f3, leforgalmazott mobiladat mennyis\u00e9ge. B\u00e1r m\u00e1r \u00e9vek \u00f3ta<\/p>\n","protected":false},"author":10,"featured_media":10592,"comment_status":"closed","ping_status":"closed","sticky":false,"template":"","format":"standard","meta":{"_mi_skip_tracking":false},"categories":[35,4,284,698,37,701,34,1324,33],"tags":[40,322,219,133,1164,158],"_links":{"self":[{"href":"https:\/\/deltanet.hu\/index.php\/wp-json\/wp\/v2\/posts\/10591"}],"collection":[{"href":"https:\/\/deltanet.hu\/index.php\/wp-json\/wp\/v2\/posts"}],"about":[{"href":"https:\/\/deltanet.hu\/index.php\/wp-json\/wp\/v2\/types\/post"}],"author":[{"embeddable":true,"href":"https:\/\/deltanet.hu\/index.php\/wp-json\/wp\/v2\/users\/10"}],"replies":[{"embeddable":true,"href":"https:\/\/deltanet.hu\/index.php\/wp-json\/wp\/v2\/comments?post=10591"}],"version-history":[{"count":1,"href":"https:\/\/deltanet.hu\/index.php\/wp-json\/wp\/v2\/posts\/10591\/revisions"}],"predecessor-version":[{"id":10593,"href":"https:\/\/deltanet.hu\/index.php\/wp-json\/wp\/v2\/posts\/10591\/revisions\/10593"}],"wp:featuredmedia":[{"embeddable":true,"href":"https:\/\/deltanet.hu\/index.php\/wp-json\/wp\/v2\/media\/10592"}],"wp:attachment":[{"href":"https:\/\/deltanet.hu\/index.php\/wp-json\/wp\/v2\/media?parent=10591"}],"wp:term":[{"taxonomy":"category","embeddable":true,"href":"https:\/\/deltanet.hu\/index.php\/wp-json\/wp\/v2\/categories?post=10591"},{"taxonomy":"post_tag","embeddable":true,"href":"https:\/\/deltanet.hu\/index.php\/wp-json\/wp\/v2\/tags?post=10591"}],"curies":[{"name":"wp","href":"https:\/\/api.w.org\/{rel}","templated":true}]}}