{"id":10631,"date":"2022-09-05T10:32:34","date_gmt":"2022-09-05T08:32:34","guid":{"rendered":"http:\/\/deltanet.hu\/?p=10631"},"modified":"2022-09-05T10:32:35","modified_gmt":"2022-09-05T08:32:35","slug":"otthonrol-dolgoznanak-az-apple-dolgozok","status":"publish","type":"post","link":"https:\/\/deltanet.hu\/index.php\/otthonrol-dolgoznanak-az-apple-dolgozok\/","title":{"rendered":"Otthonr\u00f3l dolgozn\u00e1nak az Apple-dolgoz\u00f3k"},"content":{"rendered":"\n<p>Az Apple cupertin\u00f3i k\u00f6zpontj\u00e1nak home office-ban dolgoz\u00f3 alkalmazottjainak nagyon nem akar\u00f3dzik nekik visszamenni az irod\u00e1kba. Ezt nem lustas\u00e1gb\u00f3l teszik, komoly indokaik vannak.<\/p>\n\n\n\n<p>K\u00e9t \u00e9v t\u00e1vmunka ut\u00e1n szeptember 5-t\u0151l heti h\u00e1rom napot kell dolgozniuk irod\u00e1jukban a cupertin\u00f3i Apple-alkalmazottaknak. Az el\u0151\u00edrt \u00faj terv keddi \u00e9s cs\u00fct\u00f6rt\u00f6ki munkav\u00e9gz\u00e9st \u00edr el\u0151, a harmadik, \u00fagynevezett lebeg\u0151 napot pedig a vezet\u0151knek kell kijel\u00f6lni\u00fck. N\u00e9h\u00e1ny alkalmazottnak lehet\u0151s\u00e9ge lesz \u00e9vente ak\u00e1r n\u00e9gy h\u00e9tig t\u00e1vmunk\u00e1t v\u00e9geznie. A vez\u00e9rigazgat\u00f3 szavaival \u00e9lve, \u201eaz \u00faj, fel\u00fclvizsg\u00e1lt terv jav\u00edtja a rugalmas munkav\u00e9gz\u00e9s k\u00e9pess\u00e9g\u00e9t, mik\u00f6zben meg\u0151rzi a szem\u00e9lyes egy\u00fcttm\u0171k\u00f6d\u00e9st, amely annyira n\u00e9lk\u00fcl\u00f6zhetetlen kult\u00far\u00e1nk sz\u00e1m\u00e1ra\u201d.<\/p>\n\n\n\n<p>Mindez j\u00f3l hangzik, m\u00e9gsem aratott osztatlan sikert a dolgoz\u00f3k k\u00f6z\u00f6tt. Szerint\u00fck a fels\u0151 vezet\u00e9s \u00e1ll\u00e1spontja az irodai munk\u00e1val kapcsolatban nem veszi figyelembe az egyes munkak\u00f6r\u00f6k egyedi ig\u00e9nyeit \u00e9s az egy\u00e9nek soksz\u00edn\u0171s\u00e9g\u00e9t. Figyelmen k\u00edv\u00fcl hagyj\u00e1k azokat a bizony\u00edt\u00e9kokat, amelyek arra utalnak, hogy a t\u00e1vmunka jav\u00edtja a termel\u00e9kenys\u00e9get, a soksz\u00edn\u0171s\u00e9get, a befogad\u00e1st, valamint a munka \u00e9s a mag\u00e1n\u00e9let egyens\u00faly\u00e1t.<\/p>\n\n\n\n<p>\u00dagy gondolj\u00e1k, hogy az Apple-nek \u00f6szt\u00f6n\u00f6znie, nem pedig tiltania kellene a rugalmas munk\u00e1t egy soksz\u00edn\u0171bb \u00e9s sikeresebb v\u00e1llalat fel\u00e9p\u00edt\u00e9se \u00e9rdek\u00e9ben, ahol k\u00e9nyelmesen \u00e9rezhetik magunkat, hogy egy\u00fctt m\u00e1sk\u00e9pp gondolkodjanak.<\/p>\n\n\n\n<p>A dolgoz\u00f3k megjegyzik, hogy a rugalmasabb meg\u00e1llapod\u00e1st k\u00e9r\u0151knek sz\u00e1mos k\u00e9nyszer\u00edt\u0151 oka \u00e9s k\u00f6r\u00fclm\u00e9nye van: a fogyat\u00e9koss\u00e1gt\u00f3l, a csal\u00e1dgondoz\u00e1son, a biztons\u00e1gi, eg\u00e9szs\u00e9g\u00fcgyi \u00e9s k\u00f6rnyezetv\u00e9delmi megfontol\u00e1sokon \u00e1t eg\u00e9szen a p\u00e9nz\u00fcgyi okokig. \u201eMindannyiunkban az a k\u00f6z\u00f6s, hogy \u00e9let\u00fcnk legjobb munk\u00e1j\u00e1t akarjuk v\u00e9gezni egy olyan v\u00e1llalatn\u00e1l, amelynek hivatalos \u00e1ll\u00e1spontja az, hogy azt tegye, ami helyes, nem pedig azt, ami k\u00f6nny\u0171&#8221; \u2013 \u00edrj\u00e1k beny\u00fajtott pet\u00edci\u00f3jukban.<\/p>\n\n\n\n<p>Forr\u00e1s: https:\/\/hvg.hu\/tudomany\/20220830_apple_together_peticioja_ a_home_office_reszleges_megszuntetese_ellen<\/p>\n","protected":false},"excerpt":{"rendered":"<p>Az Apple cupertin\u00f3i k\u00f6zpontj\u00e1nak home office-ban dolgoz\u00f3 alkalmazottjainak nagyon nem akar\u00f3dzik nekik visszamenni az irod\u00e1kba. Ezt nem lustas\u00e1gb\u00f3l teszik, komoly indokaik vannak. K\u00e9t \u00e9v t\u00e1vmunka<\/p>\n","protected":false},"author":10,"featured_media":10632,"comment_status":"closed","ping_status":"closed","sticky":false,"template":"","format":"standard","meta":{"_mi_skip_tracking":false},"categories":[36,1326,35,4,284,1309,34,33],"tags":[952,481,115],"_links":{"self":[{"href":"https:\/\/deltanet.hu\/index.php\/wp-json\/wp\/v2\/posts\/10631"}],"collection":[{"href":"https:\/\/deltanet.hu\/index.php\/wp-json\/wp\/v2\/posts"}],"about":[{"href":"https:\/\/deltanet.hu\/index.php\/wp-json\/wp\/v2\/types\/post"}],"author":[{"embeddable":true,"href":"https:\/\/deltanet.hu\/index.php\/wp-json\/wp\/v2\/users\/10"}],"replies":[{"embeddable":true,"href":"https:\/\/deltanet.hu\/index.php\/wp-json\/wp\/v2\/comments?post=10631"}],"version-history":[{"count":1,"href":"https:\/\/deltanet.hu\/index.php\/wp-json\/wp\/v2\/posts\/10631\/revisions"}],"predecessor-version":[{"id":10633,"href":"https:\/\/deltanet.hu\/index.php\/wp-json\/wp\/v2\/posts\/10631\/revisions\/10633"}],"wp:featuredmedia":[{"embeddable":true,"href":"https:\/\/deltanet.hu\/index.php\/wp-json\/wp\/v2\/media\/10632"}],"wp:attachment":[{"href":"https:\/\/deltanet.hu\/index.php\/wp-json\/wp\/v2\/media?parent=10631"}],"wp:term":[{"taxonomy":"category","embeddable":true,"href":"https:\/\/deltanet.hu\/index.php\/wp-json\/wp\/v2\/categories?post=10631"},{"taxonomy":"post_tag","embeddable":true,"href":"https:\/\/deltanet.hu\/index.php\/wp-json\/wp\/v2\/tags?post=10631"}],"curies":[{"name":"wp","href":"https:\/\/api.w.org\/{rel}","templated":true}]}}