{"id":10638,"date":"2022-09-16T11:33:46","date_gmt":"2022-09-16T09:33:46","guid":{"rendered":"http:\/\/deltanet.hu\/?p=10638"},"modified":"2022-09-16T11:36:19","modified_gmt":"2022-09-16T09:36:19","slug":"tobb-fizetos-funkciot-akar-a-facebook","status":"publish","type":"post","link":"https:\/\/deltanet.hu\/index.php\/tobb-fizetos-funkciot-akar-a-facebook\/","title":{"rendered":"T\u00f6bb fizet\u0151s funkci\u00f3t akar a Facebook"},"content":{"rendered":"\n<p>A k\u00f6z\u00f6ss\u00e9gi \u00f3ri\u00e1s tulajdonosa, a Meta a hirdet\u00e9si bev\u00e9telek es\u00e9s\u00e9t l\u00e1tva, \u00faj forr\u00e1sok fel\u00e9 fordul. K\u00fcl\u00f6n csapatot \u00e1ll\u00edtott fel arra a c\u00e9lra, hogy a szakemberek a Facebook, az Instagram \u00e9s a WhatsApp j\u00f6v\u0151beni lehets\u00e9ges fizet\u0151s funkci\u00f3it kidolgozz\u00e1k. Az \u00faj r\u00e9szleg l\u00e9trehoz\u00e1sa egy meglehet\u0151sen hat\u00e1rozott jele annak, hogy a k\u00f6z\u00f6ss\u00e9gi \u00f3ri\u00e1s komolyan gondolkodik t\u00f6bb bev\u00e9teli csatorna l\u00e9trehoz\u00e1s\u00e1n azut\u00e1n, hogy hirdet\u00e9si \u00fczlet\u00e1g\u00e1t megt\u00e9p\u00e1zta az iOS hirdet\u00e9si c\u00e9l\u00fa adatgy\u0171jt\u00e9ssel kapcsolatos m\u00f3dos\u00edt\u00e1sa, illetve sz\u00e9lesebb k\u00f6rben a digit\u00e1lis rekl\u00e1mokra val\u00f3 k\u00f6lt\u00e9sek visszaes\u00e9se.<\/p>\n\n\n\n<p>A v\u00e1llalat bev\u00e9telszerz\u00e9si aleln\u00f6ke szerint a v\u00e1llalat tov\u00e1bbra is elk\u00f6telezett a hirdet\u00e9si \u00fczlet\u00e1gak er\u0151s\u00edt\u00e9se mellett, \u00e9s nincsenek arra ir\u00e1nyul\u00f3 terveik, hogy a felhaszn\u00e1l\u00f3k el\u0151fizet\u00e9si d\u00edj\u00e9rt cser\u00e9be kikapcsolhass\u00e1k a megjelen\u0151 rekl\u00e1mokat. Helyette olyan \u00faj t\u00edpus\u00fa term\u00e9kek \u00e9s funkci\u00f3k kidolgoz\u00e1s\u00e1n lesz a f\u00f3kusz, ami\u00e9rt szerinte \u201esz\u00edvesen fizetn\u00e9nek az emberek\u201d.<\/p>\n\n\n\n<p>A Meta bev\u00e9tel\u00e9nek szinte eg\u00e9sze hirdet\u00e9sekb\u0151l sz\u00e1rmazik. B\u00e1r m\u00e1r t\u00f6bb fizet\u0151s funkci\u00f3 is el\u00e9rhet\u0151 szolg\u00e1ltat\u00e1sain bel\u00fcl, eddig nem tette els\u0151dlegess\u00e9 az ilyen bev\u00e9telszerz\u00e9si lehet\u0151s\u00e9geket.<\/p>\n\n\n\n<p>A m\u00e1r l\u00e9tez\u0151 megold\u00e1sok k\u00f6zt eml\u00edthet\u0151, hogy a Facebook csoportok adminisztr\u00e1torai d\u00edjat k\u00e9rhetnek exkluz\u00edv tartalmakhoz val\u00f3 hozz\u00e1f\u00e9r\u00e9s\u00e9rt, a WhatsApp a v\u00e1llalkoz\u00e1sokt\u00f3l k\u00e9r p\u00e9nzt az\u00e9rt, hogy \u00fczenetet k\u00fcldhessenek az \u00fcgyfeleiknek, az Instagram pedig nemr\u00e9g jelentette be, hogy szint\u00e9n lehets\u00e9ges lesz fizet\u0151s tartalmak\u00e9rt d\u00edjat felsz\u00e1m\u00edtani az alkot\u00f3knak.<\/p>\n\n\n\n<p>Nem csak a Meta kutatja az \u00faj monetiz\u00e1ci\u00f3s lehet\u0151s\u00e9geket, a TikTok \u00e9v elej\u00e9n kezdte el tesztelni a tartalomk\u00e9sz\u00edt\u0151k k\u00f6r\u00e9ben a fizetett el\u0151fizet\u00e9seket, a Telegram \u00e9s a Snapchat is plusz funkci\u00f3kat k\u00edn\u00e1l\u00f3 fizet\u0151s szintekkel b\u0151v\u00fclt.<\/p>\n\n\n\n<p>Forr\u00e1s: https:\/\/www.hwsw.hu\/hirek\/65077\/meta-facebook-instagram-fi zetos-funkciok-fejlesztese-monetizacio.html<\/p>\n","protected":false},"excerpt":{"rendered":"<p>A k\u00f6z\u00f6ss\u00e9gi \u00f3ri\u00e1s tulajdonosa, a Meta a hirdet\u00e9si bev\u00e9telek es\u00e9s\u00e9t l\u00e1tva, \u00faj forr\u00e1sok fel\u00e9 fordul. K\u00fcl\u00f6n csapatot \u00e1ll\u00edtott fel arra a c\u00e9lra, hogy a szakemberek<\/p>\n","protected":false},"author":10,"featured_media":10641,"comment_status":"closed","ping_status":"closed","sticky":false,"template":"","format":"standard","meta":{"_mi_skip_tracking":false},"categories":[35,4,1344,1321,284],"tags":[1386,271,181,66,60,1381,1283],"_links":{"self":[{"href":"https:\/\/deltanet.hu\/index.php\/wp-json\/wp\/v2\/posts\/10638"}],"collection":[{"href":"https:\/\/deltanet.hu\/index.php\/wp-json\/wp\/v2\/posts"}],"about":[{"href":"https:\/\/deltanet.hu\/index.php\/wp-json\/wp\/v2\/types\/post"}],"author":[{"embeddable":true,"href":"https:\/\/deltanet.hu\/index.php\/wp-json\/wp\/v2\/users\/10"}],"replies":[{"embeddable":true,"href":"https:\/\/deltanet.hu\/index.php\/wp-json\/wp\/v2\/comments?post=10638"}],"version-history":[{"count":1,"href":"https:\/\/deltanet.hu\/index.php\/wp-json\/wp\/v2\/posts\/10638\/revisions"}],"predecessor-version":[{"id":10639,"href":"https:\/\/deltanet.hu\/index.php\/wp-json\/wp\/v2\/posts\/10638\/revisions\/10639"}],"wp:featuredmedia":[{"embeddable":true,"href":"https:\/\/deltanet.hu\/index.php\/wp-json\/wp\/v2\/media\/10641"}],"wp:attachment":[{"href":"https:\/\/deltanet.hu\/index.php\/wp-json\/wp\/v2\/media?parent=10638"}],"wp:term":[{"taxonomy":"category","embeddable":true,"href":"https:\/\/deltanet.hu\/index.php\/wp-json\/wp\/v2\/categories?post=10638"},{"taxonomy":"post_tag","embeddable":true,"href":"https:\/\/deltanet.hu\/index.php\/wp-json\/wp\/v2\/tags?post=10638"}],"curies":[{"name":"wp","href":"https:\/\/api.w.org\/{rel}","templated":true}]}}