{"id":10678,"date":"2022-09-19T09:33:33","date_gmt":"2022-09-19T07:33:33","guid":{"rendered":"http:\/\/deltanet.hu\/?p=10678"},"modified":"2022-09-19T09:33:35","modified_gmt":"2022-09-19T07:33:35","slug":"jobb-tamogatast-var-a-mobiloknal-az-eu","status":"publish","type":"post","link":"https:\/\/deltanet.hu\/index.php\/jobb-tamogatast-var-a-mobiloknal-az-eu\/","title":{"rendered":"Jobb t\u00e1mogat\u00e1st v\u00e1r a mobilokn\u00e1l az EU"},"content":{"rendered":"\n<p>V\u00e9get \u00e9rhet annak az Eur\u00f3pai Uni\u00f3 ter\u00fclet\u00e9n hat\u00e1lyba l\u00e9p\u0151 jogszab\u00e1lynak az el\u0151k\u00e9sz\u00edt\u00e9se, mely azt biztos\u00edtan\u00e1, hogy az okostelefon- \u00e9s tabletgy\u00e1rt\u00f3k a jelenlegin\u00e9l szigor\u00fabb felt\u00e9telek mellett ny\u00fajtsanak t\u00e1mogat\u00e1st k\u00e9sz\u00fcl\u00e9keikhez.<\/p>\n\n\n\n<p>A k\u00e9sz\u00fcl\u00e9k piacra dob\u00e1s\u00e1t\u00f3l sz\u00e1m\u00edtva legal\u00e1bb \u00f6t \u00e9vig biztos\u00edtaniuk kellene a gy\u00e1rt\u00f3knak a legfontosabb cserealkatr\u00e9szeket az \u00f6sszes \u00e1ltaluk forgalmazott okostelefonhoz \u00e9s tablethez az \u00faj jogszab\u00e1lytervezet \u00e9rtelm\u00e9ben.<\/p>\n\n\n\n<p>Az \u00faj jogszab\u00e1ly hat\u00e1lyba l\u00e9p\u00e9s\u00e9t k\u00f6vet\u0151 egy \u00e9ven bel\u00fcl a gy\u00e1rt\u00f3knak 15 alkatr\u00e9szt\u00edpust, illetve alkatr\u00e9szcsal\u00e1dot kellene biztos\u00edtaniuk a jav\u00edt\u00f3szolg\u00e1latok r\u00e9sz\u00e9re, illetve meghat\u00e1rozott sz\u00e1m\u00fa cserealkatr\u00e9szt k\u00f6zvetlen\u00fcl a fogyaszt\u00f3k sz\u00e1m\u00e1ra is el\u00e9rhet\u0151v\u00e9 kell tenni a fent jel\u00f6lt, \u00f6t\u00e9ves id\u0151intervallumon bel\u00fcl.<\/p>\n\n\n\n<p>A gy\u00e1rt\u00f3k sz\u00e1m\u00e1ra el\u0151\u00edrt cserealkatr\u00e9szek k\u00f6z\u00f6tt van egyebek mellett az akkumul\u00e1tor, a h\u00e1tlap, a kijelz\u0151, az el\u0151lapi \u00e9s h\u00e1tlapi kamer\u00e1k, a t\u00f6lt\u0151- \u00e9s audiocsatlakoz\u00f3k, a mikrofonok \u00e9s hangsz\u00f3r\u00f3k, illetve a hajl\u00edthat\u00f3 kijelz\u0151s k\u00e9sz\u00fcl\u00e9kek eset\u00e9ben a zsan\u00e9rmechanika valamint a kijelz\u0151t v\u00e9d\u0151 speci\u00e1lis f\u00f3lia.<\/p>\n\n\n\n<p>Ezen fel\u00fcl a v\u00e9gfelhaszn\u00e1l\u00f3k sz\u00e1m\u00e1ra k\u00f6zvetlen\u00fcl is biztos\u00edtani kell a hozz\u00e1f\u00e9r\u00e9st a csereakkumul\u00e1torokhoz, illetve a h\u00e1tlapokhoz, amennyiben azok elt\u00e1vol\u00edt\u00e1sa nem oldhat\u00f3 meg roncsol\u00f3d\u00e1s n\u00e9lk\u00fcl egy esetleges akkumul\u00e1torcsere sor\u00e1n. Ezt a gy\u00e1rt\u00f3k megker\u00fclhetik, ha szavatolj\u00e1k, hogy a k\u00e9sz\u00fcl\u00e9kekbe \u00e9p\u00edtett akkumul\u00e1tor kapacit\u00e1sa 500 teljes ciklust k\u00f6vet\u0151en is el\u00e9ri az eredeti kapacit\u00e1s 83%-\u00e1t, illetve 1000 ciklus ut\u00e1n a 80%-\u00e1t.<\/p>\n\n\n\n<p>A Bizotts\u00e1g a fentiek mellett az okostelefonokn\u00e1l \u00e9s tabletekn\u00e9l is k\u00f6telez\u0151v\u00e9 tenn\u00e9 a nagyobb h\u00e1ztart\u00e1si eszk\u00f6z\u00f6k mint\u00e1j\u00e1ra az energiac\u00edmke-jel\u00f6l\u00e9st.<\/p>\n\n\n\n<p>Forr\u00e1s: https:\/\/www.hwsw.hu\/hirek\/65082\/okostelefon-tablet-eletciklu s-alkatresz-alkatreszellatas-akkumulator-elettartam-eu-europai- bizottsag-jogszabaly.html<\/p>\n","protected":false},"excerpt":{"rendered":"<p>V\u00e9get \u00e9rhet annak az Eur\u00f3pai Uni\u00f3 ter\u00fclet\u00e9n hat\u00e1lyba l\u00e9p\u0151 jogszab\u00e1lynak az el\u0151k\u00e9sz\u00edt\u00e9se, mely azt biztos\u00edtan\u00e1, hogy az okostelefon- \u00e9s tabletgy\u00e1rt\u00f3k a jelenlegin\u00e9l szigor\u00fabb felt\u00e9telek mellett<\/p>\n","protected":false},"author":10,"featured_media":10679,"comment_status":"closed","ping_status":"closed","sticky":false,"template":"","format":"standard","meta":{"_mi_skip_tracking":false},"categories":[1],"tags":[1416,1422,1415,1417,1419,1421,1418,1244,1420],"_links":{"self":[{"href":"https:\/\/deltanet.hu\/index.php\/wp-json\/wp\/v2\/posts\/10678"}],"collection":[{"href":"https:\/\/deltanet.hu\/index.php\/wp-json\/wp\/v2\/posts"}],"about":[{"href":"https:\/\/deltanet.hu\/index.php\/wp-json\/wp\/v2\/types\/post"}],"author":[{"embeddable":true,"href":"https:\/\/deltanet.hu\/index.php\/wp-json\/wp\/v2\/users\/10"}],"replies":[{"embeddable":true,"href":"https:\/\/deltanet.hu\/index.php\/wp-json\/wp\/v2\/comments?post=10678"}],"version-history":[{"count":1,"href":"https:\/\/deltanet.hu\/index.php\/wp-json\/wp\/v2\/posts\/10678\/revisions"}],"predecessor-version":[{"id":10680,"href":"https:\/\/deltanet.hu\/index.php\/wp-json\/wp\/v2\/posts\/10678\/revisions\/10680"}],"wp:featuredmedia":[{"embeddable":true,"href":"https:\/\/deltanet.hu\/index.php\/wp-json\/wp\/v2\/media\/10679"}],"wp:attachment":[{"href":"https:\/\/deltanet.hu\/index.php\/wp-json\/wp\/v2\/media?parent=10678"}],"wp:term":[{"taxonomy":"category","embeddable":true,"href":"https:\/\/deltanet.hu\/index.php\/wp-json\/wp\/v2\/categories?post=10678"},{"taxonomy":"post_tag","embeddable":true,"href":"https:\/\/deltanet.hu\/index.php\/wp-json\/wp\/v2\/tags?post=10678"}],"curies":[{"name":"wp","href":"https:\/\/api.w.org\/{rel}","templated":true}]}}