{"id":10702,"date":"2022-10-06T13:32:47","date_gmt":"2022-10-06T11:32:47","guid":{"rendered":"http:\/\/deltanet.hu\/?p=10702"},"modified":"2022-10-06T13:32:49","modified_gmt":"2022-10-06T11:32:49","slug":"mi-az-amit-tudni-erdemes-a-viberrol","status":"publish","type":"post","link":"https:\/\/deltanet.hu\/index.php\/mi-az-amit-tudni-erdemes-a-viberrol\/","title":{"rendered":"Mi az, amit tudni \u00e9rdemes a Viberr\u0151l?"},"content":{"rendered":"\n<p>A Viber sz\u00e1mos hasznos funkci\u00f3j\u00e1val seg\u00edti a mindennapi kommunik\u00e1ci\u00f3t, t\u00f6bbplatformos, azaz a sz\u00e1m\u00edt\u00f3g\u00e9pen, laptopon, tableten \u00e9s telefonon is el\u00e9rhet\u0151, csoportos \u00fczenetk\u00fcld\u0151 alkalmaz\u00e1snak sz\u00e1m\u00edt, amely iOS \u00e9s Android rendszeren is m\u0171k\u00f6dik.<\/p>\n\n\n\n<p>A 12. sz\u00fclet\u00e9snapj\u00e1t \u00fcnnepl\u0151 Viber jelenleg 250 milli\u00f3 akt\u00edv felhaszn\u00e1l\u00f3val rendelkezik vil\u00e1gszerte. Bevethet\u0151 sz\u00f6veges \u00fczenetekhez, hangh\u00edv\u00e1sokhoz \u00e9s vide\u00f3h\u00edv\u00e1sokhoz is, ezekhez ak\u00e1r becen\u00e9v vagy \u00e1ln\u00e9v m\u00f6g\u00e9 is b\u00fajhatunk, hiszen m\u00e1s \u00fczenetk\u00fcld\u0151 alkalmaz\u00e1sokkal ellent\u00e9tben a Vibernek nincs sz\u00fcks\u00e9ge felhaszn\u00e1l\u00f3n\u00e9vre \u00e9s jelsz\u00f3ra, hanem a telefonsz\u00e1munk alapj\u00e1n azonos\u00edt be. Egyszer\u0171en telep\u00edthet\u0151, ezt k\u00f6vet\u0151en c\u00e9lszer\u0171 regisztr\u00e1lnunk a Viber felhaszn\u00e1l\u00f3i k\u00f6z\u00e9. Az azonos\u00edt\u00f3nk a telefonsz\u00e1munk lesz, m\u00edg a jelszavunkat a Viber gener\u00e1lja \u00e9s k\u00fcldi el a telefonunkra.<\/p>\n\n\n\n<p>A Viber megvizsg\u00e1lja a n\u00e9vjegyeket, \u00e9s megjel\u00f6li azokat, amik jelen vannak a fel\u00fcleten, vel\u00fck m\u00e1ris kapcsolatba l\u00e9phet\u00fcnk.<\/p>\n\n\n\n<p>\u00dczenetk\u00fcld\u00e9s mellett m\u00e9g sz\u00e1mos funkci\u00f3 haszn\u00e1lhat\u00f3, mint p\u00e9ld\u00e1ul a hangalap\u00fa- \u00e9s vide\u00f3telefon\u00e1l\u00e1s, fot\u00f3 k\u00e9sz\u00edt\u00e9se \u00e9s k\u00fcld\u00e9se, vide\u00f3- vagy hang\u00fczenet k\u00fcld\u00e9se, rajzok, matric\u00e1k, k\u00fcld\u00e9se vagy feleletv\u00e1laszt\u00f3s k\u00e9rd\u0151\u00edvek l\u00e9trehoz\u00e1sa.<\/p>\n\n\n\n<p>K\u00f6nnyed\u00e9n cseveghet\u00fcnk b\u00e1rkivel, ak\u00e1r egy eg\u00e9sz csoporttal. Akkor sem ker\u00fcl\u00fcnk kellemetlen helyzetbe, ha elhamarkodottan reag\u00e1ltunk valamire: az \u00fczenetek ugyanis ut\u00f3lag is t\u00f6r\u00f6lhet\u0151k.<\/p>\n\n\n\n<p>Viber-matric\u00e1k seg\u00edts\u00e9g\u00e9vel sz\u00f6veges \u00fczenetek helyett k\u00e9pekkel is ki tudjuk fejezni gondolatainkat. Amellett, hogy a sz\u00e9les v\u00e1laszt\u00e9knak k\u00f6sz\u00f6nhet\u0151en szinte mindenki megtal\u00e1lja a kedvenc\u00e9t, sokszor ezek a k\u00e9pek j\u00f3val besz\u00e9desebbek, kedvesebbek \u00e9s viccesebbek, mintha sz\u00f6vegesen fejezn\u00e9nk ki magunkat. Ha egyedibbek szeretn\u00e9nk lenni, akkor saj\u00e1t vide\u00f3t is k\u00e9sz\u00edthet\u00fcnk, ami b\u00e1rmikor visszan\u00e9zhet\u0151 \u00e9s t\u00f6r\u00f6lhet\u0151.<\/p>\n\n\n\n<p>Forr\u00e1s: https:\/\/netrefel.hu\/cikk\/Mi_az_a_Viber_Minden_amit_a_titkosit ott_uzenetkuldo_platformrol_tudni_erdemes<\/p>\n","protected":false},"excerpt":{"rendered":"<p>A Viber sz\u00e1mos hasznos funkci\u00f3j\u00e1val seg\u00edti a mindennapi kommunik\u00e1ci\u00f3t, t\u00f6bbplatformos, azaz a sz\u00e1m\u00edt\u00f3g\u00e9pen, laptopon, tableten \u00e9s telefonon is el\u00e9rhet\u0151, csoportos \u00fczenetk\u00fcld\u0151 alkalmaz\u00e1snak sz\u00e1m\u00edt, amely iOS<\/p>\n","protected":false},"author":10,"featured_media":10703,"comment_status":"closed","ping_status":"closed","sticky":false,"template":"","format":"standard","meta":{"_mi_skip_tracking":false},"categories":[1],"tags":[],"_links":{"self":[{"href":"https:\/\/deltanet.hu\/index.php\/wp-json\/wp\/v2\/posts\/10702"}],"collection":[{"href":"https:\/\/deltanet.hu\/index.php\/wp-json\/wp\/v2\/posts"}],"about":[{"href":"https:\/\/deltanet.hu\/index.php\/wp-json\/wp\/v2\/types\/post"}],"author":[{"embeddable":true,"href":"https:\/\/deltanet.hu\/index.php\/wp-json\/wp\/v2\/users\/10"}],"replies":[{"embeddable":true,"href":"https:\/\/deltanet.hu\/index.php\/wp-json\/wp\/v2\/comments?post=10702"}],"version-history":[{"count":1,"href":"https:\/\/deltanet.hu\/index.php\/wp-json\/wp\/v2\/posts\/10702\/revisions"}],"predecessor-version":[{"id":10704,"href":"https:\/\/deltanet.hu\/index.php\/wp-json\/wp\/v2\/posts\/10702\/revisions\/10704"}],"wp:featuredmedia":[{"embeddable":true,"href":"https:\/\/deltanet.hu\/index.php\/wp-json\/wp\/v2\/media\/10703"}],"wp:attachment":[{"href":"https:\/\/deltanet.hu\/index.php\/wp-json\/wp\/v2\/media?parent=10702"}],"wp:term":[{"taxonomy":"category","embeddable":true,"href":"https:\/\/deltanet.hu\/index.php\/wp-json\/wp\/v2\/categories?post=10702"},{"taxonomy":"post_tag","embeddable":true,"href":"https:\/\/deltanet.hu\/index.php\/wp-json\/wp\/v2\/tags?post=10702"}],"curies":[{"name":"wp","href":"https:\/\/api.w.org\/{rel}","templated":true}]}}