{"id":4579,"date":"2019-10-09T09:30:24","date_gmt":"2019-10-09T09:30:24","guid":{"rendered":"http:\/\/deltanet.hu\/?p=4579"},"modified":"2019-10-10T10:10:32","modified_gmt":"2019-10-10T10:10:32","slug":"a-z-generacio-aki-sajat-celebeket-gyart","status":"publish","type":"post","link":"https:\/\/deltanet.hu\/index.php\/a-z-generacio-aki-sajat-celebeket-gyart\/","title":{"rendered":"A Z gener\u00e1ci\u00f3, aki saj\u00e1t celebeket gy\u00e1rt"},"content":{"rendered":"<p>A sokat emlegetett Z gener\u00e1ci\u00f3r\u00f3l (azaz a \u201995-\u201996 ut\u00e1n sz\u00fcletettekr\u0151l) t\u00f6bbsz\u00f6r is hallhattuk, hogy mivel belesz\u00fclettek az internet \u00e9s technika vil\u00e1g\u00e1ba, \u00edgy teljesen a feje tetej\u00e9re is \u00e1ll\u00edtott\u00e1k azt. Ez legink\u00e1bb a sz\u00f3rakoztat\u00f3ipar alakjaira igaz, f\u0151k\u00e9nt a zen\u00e9szekre, akiknek m\u00e1r nem kell dem\u00f3t k\u00fcldeni\u00fck a kiad\u00f3knak, vagy beker\u00fclni\u00fck a r\u00e1di\u00f3ba ahhoz, hogy n\u00e9pszer\u0171ek legyenek.<\/p>\n<p>Term\u00e9szetesen m\u00e9g mindig a zenet\u00f6rt\u00e9net legnagyobb alakjai l\u00e9pnek els\u0151k\u00e9nt a nagysz\u00ednpadokra, nem a Z gener\u00e1ci\u00f3s szt\u00e1rok, azonban a New York Times kutat\u00e1sa alapj\u00e1n kider\u00fclt, hogy az \u0151 n\u00e9pszer\u0171s\u00e9g\u00fck\u00e9rt is nagyr\u00e9szt a tin\u00e9dzserek felel\u0151sek. A kutat\u00e1s szerint ugyanis feln\u0151tt \u00e9let\u00fcnk \u00edzl\u00e9s\u00e9t azok a zen\u00e9k hat\u00e1rozz\u00e1k meg, amelyeket tin\u00e9dzserk\u00e9nt hallgattunk. Ekkor a legmagasabb a zenei \u00e9rdekl\u0151d\u00e9s\u00fcnk, ami a f\u00e9rfiakn\u00e1l a 13 \u00e9s 16 \u00e9ves k\u00f6zti, a n\u0151kn\u00e9l pedig a 11 \u00e9s 14 \u00e9ves kor k\u00f6zti id\u0151szakot jelenti.<\/p>\n<p>A k\u00f6z\u00f6ss\u00e9gi m\u00e9dia \u00e1ltal ma m\u00e1r els\u0151 r\u00e1n\u00e9z\u00e9sre is meg\u00e1llap\u00edthatjuk, hogy valaki ismert vagy sem: tehetj\u00fck mindezt a k\u00f6vet\u0151k, a n\u00e9zetts\u00e9g \u00e9s a l\u00e1jkok sz\u00e1ma alapj\u00e1n. Ebb\u0151l \u00e9p\u00edtkezve n\u00f6vik ki magukat a Z gener\u00e1ci\u00f3 szt\u00e1rjai, akiknek ez\u00e1ltal se kiad\u00f3ra, se menedzsmentre nincs sz\u00fcks\u00e9ge, hiszen a m\u00e1r megl\u00e9v\u0151 k\u00f6vet\u0151k dikt\u00e1lj\u00e1k az \u00e1ltaluk l\u00e9trehozott szt\u00e1r karrier\u00e9nek ir\u00e1nyait, \u00e9s milli\u00e1rdos n\u00e9zetts\u00e9get produk\u00e1lnak nekik a legn\u00e9pszer\u0171bb online fel\u00fcleteken. N\u00e9pszer\u0171s\u00e9g\u00fck egyik kulcsa a kalandv\u00e1gy \u00e9s kreativit\u00e1s \u2013 azaz, hogy olyan m\u0171fajokat kevernek \u00f6ssze, melyeket a zeneipar nagy\u00e1gy\u00fai m\u00e1r csak elvb\u0151l sem tenn\u00e9nek meg \u2013 \u00e1m ett\u0151l m\u00e9g min\u0151s\u00e9gi maradhat a v\u00e9geredm\u00e9ny.<\/p>\n<p>A k\u00f6nny\u0171 h\u00edrn\u00e9vszerz\u00e9snek azonban \u00e1rnyoldalai is vannak, amelyekre sokan nem is gondolnak. Mivel a fiatalok egyik napr\u00f3l a m\u00e1sikra v\u00e1lnak szt\u00e1rr\u00e1, sokan nem tudj\u00e1k ezt kezelni, ez\u00e9rt fontos, hogy megfelel\u0151 szellemi t\u00e1mogat\u00e1sban is legyen r\u00e9sz\u00fck.<\/p>\n<p>&nbsp;<\/p>\n<p>Forr\u00e1s:\u00a0https:\/\/index.hu\/kultur\/zene\/2019\/05\/15\/bts_billie_eilish_pop_lil_xan_internet_z_generacio\/<\/p>\n","protected":false},"excerpt":{"rendered":"<p>A sokat emlegetett Z gener\u00e1ci\u00f3r\u00f3l (azaz a \u201995-\u201996 ut\u00e1n sz\u00fcletettekr\u0151l) t\u00f6bbsz\u00f6r is hallhattuk, hogy mivel belesz\u00fclettek az internet \u00e9s technika vil\u00e1g\u00e1ba, \u00edgy teljesen a feje<\/p>\n","protected":false},"author":10,"featured_media":4580,"comment_status":"closed","ping_status":"closed","sticky":false,"template":"","format":"standard","meta":{"_mi_skip_tracking":false},"categories":[35,4,37],"tags":[],"_links":{"self":[{"href":"https:\/\/deltanet.hu\/index.php\/wp-json\/wp\/v2\/posts\/4579"}],"collection":[{"href":"https:\/\/deltanet.hu\/index.php\/wp-json\/wp\/v2\/posts"}],"about":[{"href":"https:\/\/deltanet.hu\/index.php\/wp-json\/wp\/v2\/types\/post"}],"author":[{"embeddable":true,"href":"https:\/\/deltanet.hu\/index.php\/wp-json\/wp\/v2\/users\/10"}],"replies":[{"embeddable":true,"href":"https:\/\/deltanet.hu\/index.php\/wp-json\/wp\/v2\/comments?post=4579"}],"version-history":[{"count":2,"href":"https:\/\/deltanet.hu\/index.php\/wp-json\/wp\/v2\/posts\/4579\/revisions"}],"predecessor-version":[{"id":4582,"href":"https:\/\/deltanet.hu\/index.php\/wp-json\/wp\/v2\/posts\/4579\/revisions\/4582"}],"wp:featuredmedia":[{"embeddable":true,"href":"https:\/\/deltanet.hu\/index.php\/wp-json\/wp\/v2\/media\/4580"}],"wp:attachment":[{"href":"https:\/\/deltanet.hu\/index.php\/wp-json\/wp\/v2\/media?parent=4579"}],"wp:term":[{"taxonomy":"category","embeddable":true,"href":"https:\/\/deltanet.hu\/index.php\/wp-json\/wp\/v2\/categories?post=4579"},{"taxonomy":"post_tag","embeddable":true,"href":"https:\/\/deltanet.hu\/index.php\/wp-json\/wp\/v2\/tags?post=4579"}],"curies":[{"name":"wp","href":"https:\/\/api.w.org\/{rel}","templated":true}]}}