{"id":4706,"date":"2019-11-01T09:30:17","date_gmt":"2019-11-01T09:30:17","guid":{"rendered":"http:\/\/deltanet.hu\/?p=4706"},"modified":"2019-10-29T11:24:00","modified_gmt":"2019-10-29T11:24:00","slug":"mindenszentek-es-halottak-napja","status":"publish","type":"post","link":"https:\/\/deltanet.hu\/index.php\/mindenszentek-es-halottak-napja\/","title":{"rendered":"Mindenszentek \u00e9s halottak napja"},"content":{"rendered":"<p><span style=\"font-weight: 400;\">A mindenszentek \u00e9s a halottak napja k\u00f6z\u00f6tti k\u00fcl\u00f6nbs\u00e9g nem mindenkinek vil\u00e1gos, ami nem csoda: a k\u00e9t, egym\u00e1st k\u00f6vet\u0151 \u00fcnnepnap \u00f6sszemos\u00f3dott a n\u00e9phagyom\u00e1nyban is.\u00a0<\/span><\/p>\n<p><span style=\"font-weight: 400;\">R\u00e9g\u00f3ta a halottakra val\u00f3 eml\u00e9kez\u00e9s szok\u00e1sai, r\u00edtusai uralj\u00e1k mindenszentek napj\u00e1t is. R\u00e1ad\u00e1sul november 2-a \u00e1ltal\u00e1ban m\u00e1r munkanap, \u00edgy ma is november 1-je, mindenszentek napja sokak sz\u00e1m\u00e1ra a halottak napi teend\u0151k ideje.\u00a0<\/span><\/p>\n<p><span style=\"font-weight: 400;\">Magyarorsz\u00e1gon 2000 \u00f3ta munkasz\u00fcneti nap.<\/span><\/p>\n<p><span style=\"font-weight: 400;\">A csal\u00e1dok tal\u00e1lkoz\u00e1s\u00e1nak id\u0151szaka, k\u00f6z\u00f6s programokkal, eml\u00e9kez\u00e9ssel, r\u00e9gi t\u00f6rt\u00e9netek feleleven\u00edt\u00e9s\u00e9vel. V\u00e1roson \u00e9s falun egyar\u00e1nt a halottakra val\u00f3 eml\u00e9kez\u00e9s \u00fcnnepe: a temet\u0151be j\u00e1r\u00e1s, a s\u00edrok rendbehozatala, a gyerty\u00e1val val\u00f3 vil\u00e1g\u00edt\u00e1s szinte mindenki sz\u00e1m\u00e1ra k\u00f6telez\u0151. A gyertya f\u00e9nye az \u00f6r\u00f6k vil\u00e1goss\u00e1got jelk\u00e9pezi.<\/span><\/p>\n<p><span style=\"font-weight: 400;\">A halottak napi szok\u00e1sok \u00e9s hiedelmek sokat v\u00e1ltoztak az \u00e9vek alatt. R\u00e9gen halottak napj\u00e1n, s\u0151t het\u00e9ben mos\u00e1si tilalom volt, att\u00f3l tartva, hogy akkor a hazaj\u00e1r\u00f3 halott v\u00edzben \u00e1llna. Meszelni sem szabadott, mert \u00fagy tartott\u00e1k, hogy akkor f\u00e9rgek lepik el a h\u00e1zat.\u00a0<\/span><\/p>\n<p><span style=\"font-weight: 400;\">M\u00e1ra m\u00e1r a gyerty\u00e1k helyett sok helyen bekapcsolhat\u00f3 ledes m\u00e9csesek vil\u00e1g\u00edtanak, de az is gyakori, hogy valaki az internetet haszn\u00e1lja gyertyagy\u00fajt\u00e1sra. A gyertyal\u00e1ng.hu weboldal \u00e9s Facebook oldal igen n\u00e9pszer\u0171 a gy\u00e1szol\u00f3 csal\u00e1dok k\u00f6r\u00e9ben.<\/span><\/p>\n","protected":false},"excerpt":{"rendered":"<p>A mindenszentek \u00e9s a halottak napja k\u00f6z\u00f6tti k\u00fcl\u00f6nbs\u00e9g nem mindenkinek vil\u00e1gos, ami nem csoda: a k\u00e9t, egym\u00e1st k\u00f6vet\u0151 \u00fcnnepnap \u00f6sszemos\u00f3dott a n\u00e9phagyom\u00e1nyban is.\u00a0 R\u00e9g\u00f3ta a<\/p>\n","protected":false},"author":10,"featured_media":4693,"comment_status":"closed","ping_status":"closed","sticky":false,"template":"","format":"standard","meta":{"_mi_skip_tracking":false},"categories":[35],"tags":[],"_links":{"self":[{"href":"https:\/\/deltanet.hu\/index.php\/wp-json\/wp\/v2\/posts\/4706"}],"collection":[{"href":"https:\/\/deltanet.hu\/index.php\/wp-json\/wp\/v2\/posts"}],"about":[{"href":"https:\/\/deltanet.hu\/index.php\/wp-json\/wp\/v2\/types\/post"}],"author":[{"embeddable":true,"href":"https:\/\/deltanet.hu\/index.php\/wp-json\/wp\/v2\/users\/10"}],"replies":[{"embeddable":true,"href":"https:\/\/deltanet.hu\/index.php\/wp-json\/wp\/v2\/comments?post=4706"}],"version-history":[{"count":1,"href":"https:\/\/deltanet.hu\/index.php\/wp-json\/wp\/v2\/posts\/4706\/revisions"}],"predecessor-version":[{"id":4707,"href":"https:\/\/deltanet.hu\/index.php\/wp-json\/wp\/v2\/posts\/4706\/revisions\/4707"}],"wp:featuredmedia":[{"embeddable":true,"href":"https:\/\/deltanet.hu\/index.php\/wp-json\/wp\/v2\/media\/4693"}],"wp:attachment":[{"href":"https:\/\/deltanet.hu\/index.php\/wp-json\/wp\/v2\/media?parent=4706"}],"wp:term":[{"taxonomy":"category","embeddable":true,"href":"https:\/\/deltanet.hu\/index.php\/wp-json\/wp\/v2\/categories?post=4706"},{"taxonomy":"post_tag","embeddable":true,"href":"https:\/\/deltanet.hu\/index.php\/wp-json\/wp\/v2\/tags?post=4706"}],"curies":[{"name":"wp","href":"https:\/\/api.w.org\/{rel}","templated":true}]}}