{"id":4772,"date":"2019-11-14T09:30:13","date_gmt":"2019-11-14T09:30:13","guid":{"rendered":"http:\/\/deltanet.hu\/?p=4772"},"modified":"2019-12-02T13:33:18","modified_gmt":"2019-12-02T13:33:18","slug":"mar-a-rozsafuzer-is-lehet-okos","status":"publish","type":"post","link":"https:\/\/deltanet.hu\/index.php\/mar-a-rozsafuzer-is-lehet-okos\/","title":{"rendered":"M\u00e1r a r\u00f3zsaf\u00fcz\u00e9r is lehet okos"},"content":{"rendered":"<p><span style=\"font-weight: 400;\">\u00a0Ak\u00e1rmilyen furcs\u00e1n is hangzik, sz\u00e1guld\u00f3 vil\u00e1gunk technikai v\u00edvm\u00e1nyaival el\u0151bb-ut\u00f3bb mindenkinek fel kell vennie a temp\u00f3t. Ez al\u00f3l pedig nem lehet kiv\u00e9tel egy hatalmas csoport sem, akik emberek t\u00edzezreit sz\u00f3l\u00edtj\u00e1k meg: az egyh\u00e1z. Nem is restek \u00fajdons\u00e1gokkal bef\u00e9rk\u0151zni a fiatalok kegyeibe: m\u00e1r sz\u00e1mtalan Biblia appot tal\u00e1lhatunk az alkalmaz\u00e1s \u00e1ruh\u00e1zakban, melyek napi ig\u00e9kkel seg\u00edtenek a vall\u00e1sgyakorl\u00e1sban. <\/span><span style=\"font-weight: 400;\"><br \/>\n<\/span><span style=\"font-weight: 400;\"> Most azonban valami eg\u00e9szen \u00fajjal \u00e9s elk\u00e9peszt\u0151vel \u00e1lltak el\u0151 a Vatik\u00e1nban: az okos r\u00f3zsaf\u00fcz\u00e9rrel. Az Esztergom-Budapesti F\u0151egyh\u00e1zmegye pl\u00e9b\u00e1niai korm\u00e1nyz\u00f3ja szerint im\u00e1ds\u00e1gokkal \u00e9s elm\u00e9lked\u00e9sekkel seg\u00edti a lelki elm\u00e9ly\u00fcl\u00e9st az eszk\u00f6z, amely egy okos\u00f3ra \u00e9s egy applik\u00e1ci\u00f3 kombin\u00e1ci\u00f3ja. Megjelen\u00e9se kor\u00e1ntsem mondhat\u00f3 hars\u00e1nynak, ugyanis legink\u00e1bb egy fekete kark\u00f6t\u0151re hasonl\u00edt, mely ach\u00e1t \u00e9s hematit gy\u00f6ngy\u00f6kb\u0151l \u00e1ll, \u00e9s r\u00e9sze a kereszt alak\u00fa k\u00e9perny\u0151 is, amely keresztvet\u00e9ssel aktiv\u00e1lhat\u00f3.\u00a0 <\/span><span style=\"font-weight: 400;\"><br \/>\n<\/span><span style=\"font-weight: 400;\"> Hod\u00e1sz Andr\u00e1s elmondta, hogy m\u00e1r kor\u00e1bban is jelentek meg olyan applik\u00e1ci\u00f3k, amelyek az im\u00e1dkoz\u00e1st seg\u00edtik. P\u00e9ldak\u00e9nt eml\u00edtette a gy\u00f3n\u00e1sra val\u00f3 felk\u00e9sz\u00fcl\u00e9st seg\u00edt\u0151, valamint a Ferenc p\u00e1pa kezdem\u00e9nyez\u00e9s\u00e9re janu\u00e1rban megjelent Kattints \u00e9s im\u00e1dkozz! applik\u00e1ci\u00f3t.<\/span><span style=\"font-weight: 400;\"><br \/>\n<\/span><span style=\"font-weight: 400;\"> Elmond\u00e1sa szerint val\u00f3sz\u00edn\u0171leg a fiatalabbak megsz\u00f3l\u00edt\u00e1s\u00e1ra fejlesztett\u00e9k ki az okos r\u00f3zsaf\u00fcz\u00e9rt, amely mindig eml\u00e9kezteti visel\u0151j\u00e9t az im\u00e1ds\u00e1g fontoss\u00e1g\u00e1ra. Az okos\u00f3ra szinkroniz\u00e1lhat\u00f3 egy alkalmaz\u00e1ssal, amely r\u00f6gz\u00edti az im\u00e1ds\u00e1gok gyakoris\u00e1g\u00e1t, \u00e9s hanganyaggal seg\u00edti elsaj\u00e1t\u00edt\u00e1sukat. <\/span><span style=\"font-weight: 400;\"><br \/>\n<\/span><span style=\"font-weight: 400;\"> Az im\u00e1dkoz\u00e1s rendszeress\u00e9ge mellett a l\u00e9p\u00e9seket is sz\u00e1mon tartja, illetve az el\u00e9getett kal\u00f3ri\u00e1k mennyis\u00e9g\u00e9t, ezzel eg\u00e9szs\u00e9gesebb \u00e9letre buzd\u00edtva visel\u0151j\u00e9t. A csomagol\u00e1ssal is t\u00f6k\u00e9letesen j\u00e1tszanak: a doboza egy k\u00f6nyvre hasonl\u00edt, melyet kinyitva egy dekor\u00e1lt el\u0151oldal tal\u00e1lhat\u00f3, \u00e9s a kark\u00f6t\u0151. A kark\u00f6t\u0151 alatti karton pedig a t\u00f6lt\u0151t rejti. Indul\u00f3\u00e1ra 30 ezer Ft k\u00f6r\u00fcl alakul.<\/span><\/p>\n<p>Forr\u00e1s:\u00a0<a href=\"https:\/\/azuzlet.hu\/okosrozsafuzer-a-vatikanbol-keresztvetessel-aktivalhato\/\">https:\/\/azuzlet.hu\/okosrozsafuzer-a-vatikanbol-keresztvetessel-aktivalhato\/<\/a><br \/>\n<a href=\"https:\/\/www.dezeen.com\/2019\/10\/18\/erosary-vatican-pray-smart-jewellery\/\">https:\/\/www.dezeen.com\/2019\/10\/18\/erosary-vatican-pray-smart-jewellery\/<\/a><\/p>\n","protected":false},"excerpt":{"rendered":"<p>\u00a0Ak\u00e1rmilyen furcs\u00e1n is hangzik, sz\u00e1guld\u00f3 vil\u00e1gunk technikai v\u00edvm\u00e1nyaival el\u0151bb-ut\u00f3bb mindenkinek fel kell vennie a temp\u00f3t. Ez al\u00f3l pedig nem lehet kiv\u00e9tel egy hatalmas csoport sem,<\/p>\n","protected":false},"author":10,"featured_media":4764,"comment_status":"closed","ping_status":"closed","sticky":false,"template":"","format":"standard","meta":{"_mi_skip_tracking":false},"categories":[35,4,34],"tags":[],"_links":{"self":[{"href":"https:\/\/deltanet.hu\/index.php\/wp-json\/wp\/v2\/posts\/4772"}],"collection":[{"href":"https:\/\/deltanet.hu\/index.php\/wp-json\/wp\/v2\/posts"}],"about":[{"href":"https:\/\/deltanet.hu\/index.php\/wp-json\/wp\/v2\/types\/post"}],"author":[{"embeddable":true,"href":"https:\/\/deltanet.hu\/index.php\/wp-json\/wp\/v2\/users\/10"}],"replies":[{"embeddable":true,"href":"https:\/\/deltanet.hu\/index.php\/wp-json\/wp\/v2\/comments?post=4772"}],"version-history":[{"count":4,"href":"https:\/\/deltanet.hu\/index.php\/wp-json\/wp\/v2\/posts\/4772\/revisions"}],"predecessor-version":[{"id":4859,"href":"https:\/\/deltanet.hu\/index.php\/wp-json\/wp\/v2\/posts\/4772\/revisions\/4859"}],"wp:featuredmedia":[{"embeddable":true,"href":"https:\/\/deltanet.hu\/index.php\/wp-json\/wp\/v2\/media\/4764"}],"wp:attachment":[{"href":"https:\/\/deltanet.hu\/index.php\/wp-json\/wp\/v2\/media?parent=4772"}],"wp:term":[{"taxonomy":"category","embeddable":true,"href":"https:\/\/deltanet.hu\/index.php\/wp-json\/wp\/v2\/categories?post=4772"},{"taxonomy":"post_tag","embeddable":true,"href":"https:\/\/deltanet.hu\/index.php\/wp-json\/wp\/v2\/tags?post=4772"}],"curies":[{"name":"wp","href":"https:\/\/api.w.org\/{rel}","templated":true}]}}