{"id":5003,"date":"2020-01-09T09:30:59","date_gmt":"2020-01-09T09:30:59","guid":{"rendered":"http:\/\/deltanet.hu\/?p=5003"},"modified":"2020-01-07T08:20:40","modified_gmt":"2020-01-07T08:20:40","slug":"ki-van-a-telefon-masik-oldalan","status":"publish","type":"post","link":"https:\/\/deltanet.hu\/index.php\/ki-van-a-telefon-masik-oldalan\/","title":{"rendered":"Ki van a telefon m\u00e1sik oldal\u00e1n?"},"content":{"rendered":"<p><span style=\"font-weight: 400;\">Nagy lelkesed\u00e9ssel v\u00e1rja m\u00e1r sok ipar\u00e1g \u00e9s v\u00e1llalkoz\u00e1s is, hogy mikor \u00e9r el olyan szintre a mesters\u00e9ges intelligencia, hogy az \u00fcgyf\u00e9lszolg\u00e1latban is alkalmazhat\u00f3k legyenek programok vagy valamilyen tanul\u00e1sra alkalmas g\u00e9pek.<br \/>\nHiszen ezzel nagyon sok id\u0151 felszabadulna \u00e9s az emberek hat\u00e9konyabb munk\u00e1t is v\u00e9gezhetn\u00e9nek. R\u00e1ad\u00e1sul a programok nem rendelkeznek \u00e9rzelmekkel, \u00edgy az esetleges f\u00e9lre\u00e9rt\u00e9sek vagy konfliktus helyzetek is elker\u00fclhet\u0151k lenn\u00e9nek. Illetve az is fontos t\u00e9nyez\u0151, hogy ezek a programok \u00e9jjel-nappal tudnak \u00fczemelni, megszak\u00edt\u00e1s n\u00e9lk\u00fcl, \u00edgy egyetlen embernek sem kellene az \u00e9jszaka k\u00f6zep\u00e9n \u00e9bren lennie egy esteleges h\u00edv\u00e1sra v\u00e1rva.<br \/>\nA tavalyi \u00e9vben a Google az egyik bemutat\u00f3j\u00e1n, a k\u00f6z\u00f6ns\u00e9g el\u00e9 t\u00e1rta, ahogy egy programban k\u00e9t g\u00e9p egyeztetett egym\u00e1ssal egy hajv\u00e1g\u00e1si id\u0151pontr\u00f3l, an\u00e9lk\u00fcl, hogy felismert\u00e9k volna, hogy a m\u00e1sik nem ember. Mindezt sz\u00f3besz\u00e9ddel, t\u00e9nylegesen emberi reakci\u00f3kkal f\u0171szerezve. A telemarketingben dolgoz\u00f3 munkat\u00e1rsaknak (vagy \u00fcgyf\u00e9lszolg\u00e1lati robotoknak) fel kell k\u00e9sz\u00fclni, hogy amikor valaki felveszi a telefont, k\u00f6nnyen lehet, hogy nem ember lesz. Az emberek sz\u00e9pen besz\u00e9l\u0151 mesters\u00e9ges asszisztenseit kell meggy\u0151zni, hogy vegyenek biztos\u00edt\u00e1st vagy j\u00f6jjenek el egy term\u00e9kbemutat\u00f3ra.<br \/>\nMagyarorsz\u00e1gon ez k\u00e9s\u0151bb fog tudni elterjedni, hiszen a nyelvi saj\u00e1toss\u00e1gok miatt egy komolyabb programrendszerre lesz sz\u00fcks\u00e9g, ami minden k\u00e9rd\u00e9sre automatikus, \u00e9s megfelel\u0151 v\u00e1laszt tud adni.\u00a0<\/span><\/p>\n","protected":false},"excerpt":{"rendered":"<p>Nagy lelkesed\u00e9ssel v\u00e1rja m\u00e1r sok ipar\u00e1g \u00e9s v\u00e1llalkoz\u00e1s is, hogy mikor \u00e9r el olyan szintre a mesters\u00e9ges intelligencia, hogy az \u00fcgyf\u00e9lszolg\u00e1latban is alkalmazhat\u00f3k legyenek programok<\/p>\n","protected":false},"author":10,"featured_media":4993,"comment_status":"closed","ping_status":"closed","sticky":false,"template":"","format":"standard","meta":{"_mi_skip_tracking":false},"categories":[4,37,34],"tags":[],"_links":{"self":[{"href":"https:\/\/deltanet.hu\/index.php\/wp-json\/wp\/v2\/posts\/5003"}],"collection":[{"href":"https:\/\/deltanet.hu\/index.php\/wp-json\/wp\/v2\/posts"}],"about":[{"href":"https:\/\/deltanet.hu\/index.php\/wp-json\/wp\/v2\/types\/post"}],"author":[{"embeddable":true,"href":"https:\/\/deltanet.hu\/index.php\/wp-json\/wp\/v2\/users\/10"}],"replies":[{"embeddable":true,"href":"https:\/\/deltanet.hu\/index.php\/wp-json\/wp\/v2\/comments?post=5003"}],"version-history":[{"count":1,"href":"https:\/\/deltanet.hu\/index.php\/wp-json\/wp\/v2\/posts\/5003\/revisions"}],"predecessor-version":[{"id":5004,"href":"https:\/\/deltanet.hu\/index.php\/wp-json\/wp\/v2\/posts\/5003\/revisions\/5004"}],"wp:featuredmedia":[{"embeddable":true,"href":"https:\/\/deltanet.hu\/index.php\/wp-json\/wp\/v2\/media\/4993"}],"wp:attachment":[{"href":"https:\/\/deltanet.hu\/index.php\/wp-json\/wp\/v2\/media?parent=5003"}],"wp:term":[{"taxonomy":"category","embeddable":true,"href":"https:\/\/deltanet.hu\/index.php\/wp-json\/wp\/v2\/categories?post=5003"},{"taxonomy":"post_tag","embeddable":true,"href":"https:\/\/deltanet.hu\/index.php\/wp-json\/wp\/v2\/tags?post=5003"}],"curies":[{"name":"wp","href":"https:\/\/api.w.org\/{rel}","templated":true}]}}