{"id":5028,"date":"2020-01-16T09:30:34","date_gmt":"2020-01-16T09:30:34","guid":{"rendered":"http:\/\/deltanet.hu\/?p=5028"},"modified":"2020-01-13T08:59:55","modified_gmt":"2020-01-13T08:59:55","slug":"magyarorszag-ad-otthont-a-huawei-gyarnak","status":"publish","type":"post","link":"https:\/\/deltanet.hu\/index.php\/magyarorszag-ad-otthont-a-huawei-gyarnak\/","title":{"rendered":"Magyarorsz\u00e1g ad otthont a Huawei gy\u00e1rnak?"},"content":{"rendered":"<p><span style=\"font-weight: 400;\">Magyarorsz\u00e1g is versenyben van egy lehets\u00e9ges eur\u00f3pai gy\u00e1rt\u00f3 \u00fczem \u00e9p\u00edt\u00e9s\u00e9\u00e9rt. A Huawei eur\u00f3pai ell\u00e1t\u00f3 k\u00f6zpontja t\u00f6bb mint t\u00edz \u00e9ve m\u0171k\u00f6dik Magyarorsz\u00e1gon, \u00e9s ha a v\u00e1llalat eur\u00f3pai \u00fczlete b\u0151v\u00fcl, abban mindenk\u00e9ppen fontos szerepet fog bet\u00f6lteni. B\u00e1r azzal kapcsolatban m\u00e9g nincs inform\u00e1ci\u00f3, hogy hova ker\u00fcl az \u00faj gy\u00e1r, de Magyarorsz\u00e1g nagyon j\u00f3 poz\u00edci\u00f3ban van.<br \/>\n<\/span><span style=\"font-weight: 400;\">Eszerint az amerikai szankci\u00f3k nyom\u00e1n a k\u00ednai gy\u00e1rt\u00f3 ottani \u00fczlet\u00e9t Kanad\u00e1ba k\u00f6lt\u00f6zteti, egyes tev\u00e9kenys\u00e9geit azonban Eur\u00f3p\u00e1ba hozza \u00e1t \u2013 ennek a folyamatnak lehet r\u00e9sze az \u00faj \u00fczem beind\u00edt\u00e1sa is, amely m\u00e1sok mellett vezet\u00e9kes \u00e9s mobilh\u00e1l\u00f3zatokba sz\u00e1nt eszk\u00f6z\u00f6ket gy\u00e1rtana.<br \/>\n<\/span><span style=\"font-weight: 400;\">Term\u00e9szetesen m\u00e1s orsz\u00e1gok is sz\u00f3ba ker\u00fcltek a t\u00e1rgyal\u00e1s sor\u00e1n. K\u00f6z\u00e9p-Eur\u00f3p\u00e1ban Magyarorsz\u00e1g mellett Ausztria \u00e9s Szlov\u00e1kia is lehets\u00e9ges c\u00e9lpont lehet a gy\u00e1r \u00faj helysz\u00edn\u00e9nek. Hab\u00e1r gy\u00e1r m\u00e9g nincs, m\u00e1s tematik\u00e1j\u00fa szerz\u0151d\u00e9sek m\u00e1r vannak a m\u00e1rk\u00e1val, ugyanis a Huawei k\u00f6zrem\u0171k\u00f6d\u00e9s\u00e9vel \u00e9p\u00fcl ki Magyarorsz\u00e1gon az 5G-s h\u00e1l\u00f3zat \u2013 mondta Szijj\u00e1rt\u00f3 P\u00e9ter k\u00fclgazdas\u00e1gi \u00e9s k\u00fcl\u00fcgyminiszter m\u00e9g novemberben Sanghajban.<br \/>\n<\/span><span style=\"font-weight: 400;\">A k\u00fcl\u00fcgyminiszter az MTI szerint arr\u00f3l is besz\u00e9lt, hogy Magyarorsz\u00e1g az Eur\u00f3pai Uni\u00f3 tagorsz\u00e1gai k\u00f6z\u00f6tt el\u0151l j\u00e1r a digitaliz\u00e1ci\u00f3ban, a magyar korm\u00e1ny pedig nagy hangs\u00falyt fektet az e-kereskedelem fejleszt\u00e9s\u00e9re, amely t\u00f6bb fejl\u0151d\u00e9si lehet\u0151s\u00e9get biztos\u00edt a kis- \u00e9s k\u00f6z\u00e9pv\u00e1llalatoknak, cs\u00f6kkentve k\u00f6lts\u00e9geiket. Magyarorsz\u00e1g egyebek mellett az Eur\u00f3pai Uni\u00f3n bel\u00fcl a legalacsonyabb ad\u00f3kulcsokkal, k\u00fcl\u00f6nf\u00e9le kedvezm\u00e9nyekkel, \u00e9s t\u00e1mogat\u00e1sokkal vonzza a k\u00fclf\u00f6ldi befektet\u0151ket, akik \u00faj technol\u00f3gi\u00e1kat hozhatnak ide, el\u0151seg\u00edtve a digitaliz\u00e1ci\u00f3 min\u00e9l hat\u00e9konyabb fejl\u0151d\u00e9s\u00e9t kishaz\u00e1nkban.<br \/>\n<\/span><\/p>\n<p>Forr\u00e1s:\u00a0<a href=\"https:\/\/bitport.hu\/szijjarto-a-huaweire-epul-epul-a-magyar-5g\"><span style=\"font-weight: 400;\">https:\/\/bitport.hu\/szijjarto-a-huaweire-epul-epul-a-magyar-5g<\/span><\/a><span style=\"font-weight: 400;\"><br \/>\n<\/span><a href=\"https:\/\/bitport.hu\/akar-hozzank-is-johet-a-huawei-uj-europai-gyara\"><span style=\"font-weight: 400;\">https:\/\/bitport.hu\/akar-hozzank-is-johet-a-huawei-uj-europai-gyara<\/span><\/a><\/p>\n","protected":false},"excerpt":{"rendered":"<p>Magyarorsz\u00e1g is versenyben van egy lehets\u00e9ges eur\u00f3pai gy\u00e1rt\u00f3 \u00fczem \u00e9p\u00edt\u00e9s\u00e9\u00e9rt. A Huawei eur\u00f3pai ell\u00e1t\u00f3 k\u00f6zpontja t\u00f6bb mint t\u00edz \u00e9ve m\u0171k\u00f6dik Magyarorsz\u00e1gon, \u00e9s ha a v\u00e1llalat<\/p>\n","protected":false},"author":10,"featured_media":5019,"comment_status":"closed","ping_status":"closed","sticky":false,"template":"","format":"standard","meta":{"_mi_skip_tracking":false},"categories":[35,4],"tags":[],"_links":{"self":[{"href":"https:\/\/deltanet.hu\/index.php\/wp-json\/wp\/v2\/posts\/5028"}],"collection":[{"href":"https:\/\/deltanet.hu\/index.php\/wp-json\/wp\/v2\/posts"}],"about":[{"href":"https:\/\/deltanet.hu\/index.php\/wp-json\/wp\/v2\/types\/post"}],"author":[{"embeddable":true,"href":"https:\/\/deltanet.hu\/index.php\/wp-json\/wp\/v2\/users\/10"}],"replies":[{"embeddable":true,"href":"https:\/\/deltanet.hu\/index.php\/wp-json\/wp\/v2\/comments?post=5028"}],"version-history":[{"count":1,"href":"https:\/\/deltanet.hu\/index.php\/wp-json\/wp\/v2\/posts\/5028\/revisions"}],"predecessor-version":[{"id":5029,"href":"https:\/\/deltanet.hu\/index.php\/wp-json\/wp\/v2\/posts\/5028\/revisions\/5029"}],"wp:featuredmedia":[{"embeddable":true,"href":"https:\/\/deltanet.hu\/index.php\/wp-json\/wp\/v2\/media\/5019"}],"wp:attachment":[{"href":"https:\/\/deltanet.hu\/index.php\/wp-json\/wp\/v2\/media?parent=5028"}],"wp:term":[{"taxonomy":"category","embeddable":true,"href":"https:\/\/deltanet.hu\/index.php\/wp-json\/wp\/v2\/categories?post=5028"},{"taxonomy":"post_tag","embeddable":true,"href":"https:\/\/deltanet.hu\/index.php\/wp-json\/wp\/v2\/tags?post=5028"}],"curies":[{"name":"wp","href":"https:\/\/api.w.org\/{rel}","templated":true}]}}