{"id":5383,"date":"2020-06-18T08:00:00","date_gmt":"2020-06-18T06:00:00","guid":{"rendered":"http:\/\/deltanet.hu\/?p=5383"},"modified":"2020-06-17T14:26:27","modified_gmt":"2020-06-17T12:26:27","slug":"elvan-a-gyerek-ha-jatszik","status":"publish","type":"post","link":"https:\/\/deltanet.hu\/index.php\/elvan-a-gyerek-ha-jatszik\/","title":{"rendered":"Elvan a gyerek, ha j\u00e1tszik"},"content":{"rendered":"\n<p>A 24-39 \u00e9ves magyarorsz\u00e1gi sz\u00fcl\u0151k k\u00f6r\u00e9ben v\u00e9gzett felm\u00e9r\u00e9st a Huawei Technologies Hungary. A kutat\u00e1s t\u00f6bbek k\u00f6z\u00f6tt arra kereste a v\u00e1laszt, hogy a m\u00e1r digit\u00e1lis k\u00f6rnyezetbe sz\u00fcletett sz\u00fcl\u0151k gyerekei mikor tal\u00e1lkoznak el\u0151sz\u00f6r az okoseszk\u00f6z\u00f6kkel, \u00e9s mennyi id\u0151t t\u00f6ltenek el az eszk\u00f6z\u00f6k k\u00e9perny\u0151i el\u0151tt.<\/p>\n\n\n\n<p>Kider\u00fclt, a 3 \u00e9v alatti gyerekek fele, az ovisok 90 sz\u00e1zal\u00e9ka, a 10 \u00e9ven fel\u00fcliek k\u00f6z\u00fcl pedig m\u00e1r mindenki haszn\u00e1l okoseszk\u00f6z\u00f6ket &#8211; f\u0151k\u00e9nt okostelefont, tabletet \u00e9s notebookot. M\u00e9ghozz\u00e1 a sz\u00fcl\u0151k annak ellen\u00e9re adj\u00e1k oda k\u00e9sz\u00fcl\u00e9keiket legkisebb gyermekeiknek is, hogy azt tartj\u00e1k, ide\u00e1lis esetben csak id\u0151sebb korban lenne \u00e9rdemes megengedni sz\u00e1mukra az okoseszk\u00f6z\u00f6k haszn\u00e1lat\u00e1t.<\/p>\n\n\n\n<p>Ide\u00e1lis esetben 72 sz\u00e1zal\u00e9kuk egy\u00e1ltal\u00e1n nem adna okostelefont 5 \u00e9v alatti gyermeke kez\u00e9be, 41 sz\u00e1zal\u00e9kuk pedig csup\u00e1n 8 \u00e9ves kor felett &#8211; \u00edrja a kutat\u00e1si jelent\u00e9s. A sz\u00fcl\u0151k harmada az\u00e9rt ad okosk\u00e9sz\u00fcl\u00e9ket a gyerek kez\u00e9be, hogy min\u00e9l el\u0151bb megismerje a technol\u00f3gi\u00e1t, 28 sz\u00e1zal\u00e9k pedig az\u00e9rt, hogy a gyerek &#8220;ne maradjon le a kort\u00e1rsaival szemben&#8221;.<\/p>\n\n\n\n<p>R\u00e1ad\u00e1sul jellemz\u0151en a sz\u00fcl\u0151k t\u00f6bbet engedik okoseszk\u00f6z\u00f6ket haszn\u00e1lni a gyermekeiket, mint amennyit ide\u00e1lisnak tartanak. Ide\u00e1lis esetben a sz\u00fcl\u0151k k\u00e9tharmada a 3 \u00e9vesn\u00e9l kisebb gyermekeket napi f\u00e9l \u00f3r\u00e1n\u00e1l kevesebbet, az ovisok f\u00e9l-1 \u00f3r\u00e1t, az als\u00f3sokat 1 \u00f3r\u00e1t engedn\u00e9k okos eszk\u00f6z\u00f6ket haszn\u00e1lni.<\/p>\n\n\n\n<p>A val\u00f3s\u00e1gban az ovisok \u00e9s az als\u00f3sok is \u00e1tlagosan 2-3 \u00f3r\u00e1t t\u00f6ltenek az okoseszk\u00f6z\u00f6k k\u00e9perny\u0151je el\u0151tt. A 10 \u00e9vesekn\u00e9l m\u00e1r az 1-3 \u00f3r\u00e1s id\u0151intervallum a leggyakoribb. A kutat\u00e1si jelent\u00e9s kiemeli, hogy el\u0151fordul t\u00f6bb olyan eset is, mikor a 3 \u00e9vn\u00e9l fiatalabb gyermek napi 5 \u00f3r\u00e1n\u00e1l t\u00f6bbet t\u00f6lt a k\u00e9perny\u0151 el\u0151tt.<\/p>\n\n\n\n<p>Forr\u00e1s: <a href=\"https:\/\/www.hwsw.hu\/hirek\/61458\/szulok-gyerekek-neveles-kutatas-okostelefon.html\">https:\/\/www.hwsw.hu\/hirek\/61458\/szulok-gyerekek-neveles-kutatas-okostelefon.html<\/a><\/p>\n","protected":false},"excerpt":{"rendered":"<p>A 24-39 \u00e9ves magyarorsz\u00e1gi sz\u00fcl\u0151k k\u00f6r\u00e9ben v\u00e9gzett felm\u00e9r\u00e9st a Huawei Technologies Hungary. A kutat\u00e1s t\u00f6bbek k\u00f6z\u00f6tt arra kereste a v\u00e1laszt, hogy a m\u00e1r digit\u00e1lis k\u00f6rnyezetbe<\/p>\n","protected":false},"author":4,"featured_media":5384,"comment_status":"closed","ping_status":"closed","sticky":false,"template":"","format":"standard","meta":{"_mi_skip_tracking":false},"categories":[4,37,1],"tags":[48,40,43,49,46],"_links":{"self":[{"href":"https:\/\/deltanet.hu\/index.php\/wp-json\/wp\/v2\/posts\/5383"}],"collection":[{"href":"https:\/\/deltanet.hu\/index.php\/wp-json\/wp\/v2\/posts"}],"about":[{"href":"https:\/\/deltanet.hu\/index.php\/wp-json\/wp\/v2\/types\/post"}],"author":[{"embeddable":true,"href":"https:\/\/deltanet.hu\/index.php\/wp-json\/wp\/v2\/users\/4"}],"replies":[{"embeddable":true,"href":"https:\/\/deltanet.hu\/index.php\/wp-json\/wp\/v2\/comments?post=5383"}],"version-history":[{"count":1,"href":"https:\/\/deltanet.hu\/index.php\/wp-json\/wp\/v2\/posts\/5383\/revisions"}],"predecessor-version":[{"id":5385,"href":"https:\/\/deltanet.hu\/index.php\/wp-json\/wp\/v2\/posts\/5383\/revisions\/5385"}],"wp:featuredmedia":[{"embeddable":true,"href":"https:\/\/deltanet.hu\/index.php\/wp-json\/wp\/v2\/media\/5384"}],"wp:attachment":[{"href":"https:\/\/deltanet.hu\/index.php\/wp-json\/wp\/v2\/media?parent=5383"}],"wp:term":[{"taxonomy":"category","embeddable":true,"href":"https:\/\/deltanet.hu\/index.php\/wp-json\/wp\/v2\/categories?post=5383"},{"taxonomy":"post_tag","embeddable":true,"href":"https:\/\/deltanet.hu\/index.php\/wp-json\/wp\/v2\/tags?post=5383"}],"curies":[{"name":"wp","href":"https:\/\/api.w.org\/{rel}","templated":true}]}}