{"id":5389,"date":"2020-06-20T08:00:00","date_gmt":"2020-06-20T06:00:00","guid":{"rendered":"http:\/\/deltanet.hu\/?p=5389"},"modified":"2020-06-17T15:17:13","modified_gmt":"2020-06-17T13:17:13","slug":"kampany-a-gyermekek-netes-bantalmazasa-ellen","status":"publish","type":"post","link":"https:\/\/deltanet.hu\/index.php\/kampany-a-gyermekek-netes-bantalmazasa-ellen\/","title":{"rendered":"Kamp\u00e1ny a gyermekek netes b\u00e1ntalmaz\u00e1sa ellen"},"content":{"rendered":"\n<p>J\u00faniusban tartj\u00e1k vil\u00e1gszerte az online b\u00e1ntalmaz\u00e1s elleni napot, Magyarorsz\u00e1gon azonban egy \u00faj kamp\u00e1ny miatt az eg\u00e9sz h\u00f3nap a cyberbullyinggal szembeni fell\u00e9p\u00e9sr\u0151l sz\u00f3l majd.<\/p>\n\n\n\n<p>Az id\u0151z\u00edt\u00e9s igen aktu\u00e1lis: b\u00e1r a karant\u00e9n helyzet idehaza a v\u00e9g\u00e9hez k\u00f6zel\u00edt, szak\u00e9rt\u0151k szerint az online b\u00e1ntalmaz\u00e1si \u201ej\u00e1rv\u00e1ny&#8221; csak most \u00e9ri el a tet\u0151z\u00e9st. Az UNICEF felm\u00e9r\u00e9se szerint Magyarorsz\u00e1gon a 10-18 \u00e9ves gyerekek 88 sz\u00e1zal\u00e9ka rendelkezik profillal valamelyik k\u00f6z\u00f6ss\u00e9gi m\u00e9dia fel\u00fcleten, 20%-uk volt m\u00e1r elektronikus b\u00e1ntalmaz\u00e1s \u00e1ldozata, 10%-uk pedig beismerte, hogy maga is b\u00e1ntott m\u00e1sokat az online t\u00e9rben.<\/p>\n\n\n\n<p>A koronav\u00edrus okozta karant\u00e9nhelyzet \u00e9s az iskolabez\u00e1r\u00e1sok miatt a fiatalok \u00e9let\u00e9nek egy jelent\u0151s r\u00e9sze \u00e1ttol\u00f3dott az online t\u00e9rbe, ami tov\u00e1bb fokozta a vesz\u00e9lyt. A korl\u00e1toz\u00e1sok felold\u00e1sa ellen\u00e9re a ny\u00e1r folyam\u00e1n is megmarad a fiatalok fokozottabb online jelenl\u00e9te \u00e9s \u00edgy a b\u00e1ntalmaz\u00e1s lehet\u0151s\u00e9ge is.<\/p>\n\n\n\n<p>A K\u00e9k Vonal Gyermekkr\u00edzis Alap\u00edtv\u00e1ny \u00e9s az UNICEF Magyarorsz\u00e1g a Generali t\u00e1mogat\u00e1s\u00e1val k\u00f6z\u00f6s kamp\u00e1nyt ind\u00edt, amelynek c\u00e9lja, hogy felh\u00edvja a figyelmet a probl\u00e9m\u00e1ra \u00e9s r\u00e1mutasson, hogy a szak\u00e9rt\u0151 seg\u00edts\u00e9g k\u00f6nnyen el\u00e9rhet\u0151.<\/p>\n\n\n\n<p>Fontos \u00fczenet a gyerekek fel\u00e9, hogy rajtuk k\u00edv\u00fcl m\u00e9g milli\u00f3k k\u00fczdenek vil\u00e1gszerte a cyberbullyinggal, erre utal a kamp\u00e1ny c\u00edme is: #nemvagyegyed\u00fcl. A gyerekek h\u00edv\u00e1sait \u00e9s \u00fczeneteit kezel\u0151 K\u00e9k Vonal munkat\u00e1rsai \u00fagy l\u00e1tj\u00e1k, hogy az elm\u00falt id\u0151szakban jelent\u0151sen n\u0151tt az online megkeres\u00e9sek sz\u00e1ma.<\/p>\n\n\n\n<p>Forr\u00e1s: <a href=\"https:\/\/unicef.hu\/igy-segitunk\/hireink\/bantalmazas-a-neten-most-kezdodik-a-foszezon\">https:\/\/unicef.hu\/igy-segitunk\/hireink\/bantalmazas-a-neten-most-kezdodik-a-foszezon<\/a><\/p>\n","protected":false},"excerpt":{"rendered":"<p>J\u00faniusban tartj\u00e1k vil\u00e1gszerte az online b\u00e1ntalmaz\u00e1s elleni napot, Magyarorsz\u00e1gon azonban egy \u00faj kamp\u00e1ny miatt az eg\u00e9sz h\u00f3nap a cyberbullyinggal szembeni fell\u00e9p\u00e9sr\u0151l sz\u00f3l majd. Az id\u0151z\u00edt\u00e9s<\/p>\n","protected":false},"author":4,"featured_media":5390,"comment_status":"closed","ping_status":"closed","sticky":false,"template":"","format":"standard","meta":{"_mi_skip_tracking":false},"categories":[35,4,37],"tags":[55,48,56],"_links":{"self":[{"href":"https:\/\/deltanet.hu\/index.php\/wp-json\/wp\/v2\/posts\/5389"}],"collection":[{"href":"https:\/\/deltanet.hu\/index.php\/wp-json\/wp\/v2\/posts"}],"about":[{"href":"https:\/\/deltanet.hu\/index.php\/wp-json\/wp\/v2\/types\/post"}],"author":[{"embeddable":true,"href":"https:\/\/deltanet.hu\/index.php\/wp-json\/wp\/v2\/users\/4"}],"replies":[{"embeddable":true,"href":"https:\/\/deltanet.hu\/index.php\/wp-json\/wp\/v2\/comments?post=5389"}],"version-history":[{"count":1,"href":"https:\/\/deltanet.hu\/index.php\/wp-json\/wp\/v2\/posts\/5389\/revisions"}],"predecessor-version":[{"id":5391,"href":"https:\/\/deltanet.hu\/index.php\/wp-json\/wp\/v2\/posts\/5389\/revisions\/5391"}],"wp:featuredmedia":[{"embeddable":true,"href":"https:\/\/deltanet.hu\/index.php\/wp-json\/wp\/v2\/media\/5390"}],"wp:attachment":[{"href":"https:\/\/deltanet.hu\/index.php\/wp-json\/wp\/v2\/media?parent=5389"}],"wp:term":[{"taxonomy":"category","embeddable":true,"href":"https:\/\/deltanet.hu\/index.php\/wp-json\/wp\/v2\/categories?post=5389"},{"taxonomy":"post_tag","embeddable":true,"href":"https:\/\/deltanet.hu\/index.php\/wp-json\/wp\/v2\/tags?post=5389"}],"curies":[{"name":"wp","href":"https:\/\/api.w.org\/{rel}","templated":true}]}}