{"id":5401,"date":"2020-06-24T08:00:00","date_gmt":"2020-06-24T06:00:00","guid":{"rendered":"http:\/\/deltanet.hu\/?p=5401"},"modified":"2020-06-22T15:29:31","modified_gmt":"2020-06-22T13:29:31","slug":"egyre-nepszerubb-hirforras-az-instagram","status":"publish","type":"post","link":"https:\/\/deltanet.hu\/index.php\/egyre-nepszerubb-hirforras-az-instagram\/","title":{"rendered":"Egyre n\u00e9pszer\u0171bb h\u00edrforr\u00e1s az Instagram"},"content":{"rendered":"\n<p>A vil\u00e1gj\u00e1rv\u00e1ny \u00e9s m\u00e1s, a tavaszt meghat\u00e1roz\u00f3 esem\u00e9nyek jelent\u0151s m\u00e9rt\u00e9kben megv\u00e1ltoztatt\u00e1k a h\u00edrfogyaszt\u00e1si szok\u00e1sokat, \u00edgy minden eddigin\u00e9l t\u00f6bben k\u00f6vett\u00e9k a t\u00f6rt\u00e9n\u00e9seket a k\u00fcl\u00f6nb\u00f6z\u0151 k\u00f6z\u00f6ss\u00e9gi platformokon, \u00e1m a nagy t\u00f6bbs\u00e9g tov\u00e1bbra sem tartja megb\u00edzhat\u00f3 h\u00edrforr\u00e1snak a Facebookot, a Twittert vagy \u00e9ppen az Instagramot &#8211; der\u00fcl ki egy 2020-as digit\u00e1lism\u00e9dia-h\u00edrfogyaszt\u00e1st \u00f6sszegz\u0151 riportb\u00f3l.<\/p>\n\n\n\n<p>Az egyik legszembet\u0171n\u0151bb v\u00e1ltoz\u00e1s, hogy az eredetileg fot\u00f3megoszt\u00f3 platformk\u00e9nt startol\u00f3 Instagramot ma m\u00e1r annyian haszn\u00e1lj\u00e1k h\u00edrfogyaszt\u00e1sra, mint a Twittert, a trendek pedig azt jelzik, hogy a Facebook tulajdon\u00e1ban l\u00e9v\u0151 szolg\u00e1ltat\u00e1sra ezen a t\u00e9ren tov\u00e1bbi n\u00f6veked\u00e9s v\u00e1r.<\/p>\n\n\n\n<p>A t\u00f6bb orsz\u00e1gban zajl\u00f3 kutat\u00e1s t\u00f6bbek k\u00f6zt r\u00e1mutat, hogy az Instagramot a megk\u00e9rdezettek valamivel t\u00f6bb mint egyharmada haszn\u00e1lja, m\u00edg a 25 \u00e9v alatti fiatalok k\u00f6r\u00e9ben a k\u00e9tharmados ez az ar\u00e1ny.<\/p>\n\n\n\n<p>Az \u00f6sszes v\u00e1laszol\u00f3 11%-a h\u00edrforr\u00e1sk\u00e9nt is tekint a szolg\u00e1ltat\u00e1sra, ami egyr\u00e9szt k\u00e9tszeres n\u00f6veked\u00e9st jelent a k\u00e9t \u00e9vvel ezel\u0151tti id\u0151szakhoz k\u00e9pest, m\u00e1sr\u00e9szt ezzel az Instagram mind\u00f6ssze egy sz\u00e1zal\u00e9kponttal marad csak el a Twittert\u0151l.<\/p>\n\n\n\n<p>Az alapvet\u0151en vizualit\u00e1sra \u00e9p\u00edt\u0151 Instagram n\u00e9pszer\u0171s\u00e9g\u00e9nek j\u00f3t tett, hogy az elm\u00falt h\u00f3napokban t\u00f6bb, k\u00e9pi eszk\u00f6z\u00f6kkel k\u00f6nnyen \u00e9s gyorsan elmes\u00e9lhet\u0151 sztori vagy h\u00edr jelent meg.<\/p>\n\n\n\n<p>A legfontosabb t\u00f6rt\u00e9n\u00e9sek kapcs\u00e1n a k\u00f6z\u00f6ss\u00e9gi platformokon megjelen\u0151 h\u00edreket ugyanakkor tov\u00e1bbra is er\u0151s fenntart\u00e1sokkal kezeli a t\u00f6bbs\u00e9g. \u00cdgy a megk\u00e9rdezettek mind\u00f6ssze 26%-a \u00e1ll\u00edtotta, hogy megb\u00edzott a k\u00f6z\u00f6ss\u00e9gi oldalakon az \u00faj koronav\u00edrus j\u00e1rv\u00e1nnyal kapcsolatban megjelen\u0151 inform\u00e1ci\u00f3kban.<\/p>\n\n\n\n<p>A koronav\u00edrus megjelen\u00e9se a riport szerint egy\u00e9bk\u00e9nt j\u00f3l m\u00e9rhet\u0151en n\u00f6velte a h\u00edrforr\u00e1sok ir\u00e1nti bizalmat.<\/p>\n","protected":false},"excerpt":{"rendered":"<p>A vil\u00e1gj\u00e1rv\u00e1ny \u00e9s m\u00e1s, a tavaszt meghat\u00e1roz\u00f3 esem\u00e9nyek jelent\u0151s m\u00e9rt\u00e9kben megv\u00e1ltoztatt\u00e1k a h\u00edrfogyaszt\u00e1si szok\u00e1sokat, \u00edgy minden eddigin\u00e9l t\u00f6bben k\u00f6vett\u00e9k a t\u00f6rt\u00e9n\u00e9seket a k\u00fcl\u00f6nb\u00f6z\u0151 k\u00f6z\u00f6ss\u00e9gi platformokon,<\/p>\n","protected":false},"author":4,"featured_media":5402,"comment_status":"closed","ping_status":"closed","sticky":false,"template":"","format":"standard","meta":{"_mi_skip_tracking":false},"categories":[36,35,4,37,34],"tags":[67,68,66,40,69],"_links":{"self":[{"href":"https:\/\/deltanet.hu\/index.php\/wp-json\/wp\/v2\/posts\/5401"}],"collection":[{"href":"https:\/\/deltanet.hu\/index.php\/wp-json\/wp\/v2\/posts"}],"about":[{"href":"https:\/\/deltanet.hu\/index.php\/wp-json\/wp\/v2\/types\/post"}],"author":[{"embeddable":true,"href":"https:\/\/deltanet.hu\/index.php\/wp-json\/wp\/v2\/users\/4"}],"replies":[{"embeddable":true,"href":"https:\/\/deltanet.hu\/index.php\/wp-json\/wp\/v2\/comments?post=5401"}],"version-history":[{"count":1,"href":"https:\/\/deltanet.hu\/index.php\/wp-json\/wp\/v2\/posts\/5401\/revisions"}],"predecessor-version":[{"id":5403,"href":"https:\/\/deltanet.hu\/index.php\/wp-json\/wp\/v2\/posts\/5401\/revisions\/5403"}],"wp:featuredmedia":[{"embeddable":true,"href":"https:\/\/deltanet.hu\/index.php\/wp-json\/wp\/v2\/media\/5402"}],"wp:attachment":[{"href":"https:\/\/deltanet.hu\/index.php\/wp-json\/wp\/v2\/media?parent=5401"}],"wp:term":[{"taxonomy":"category","embeddable":true,"href":"https:\/\/deltanet.hu\/index.php\/wp-json\/wp\/v2\/categories?post=5401"},{"taxonomy":"post_tag","embeddable":true,"href":"https:\/\/deltanet.hu\/index.php\/wp-json\/wp\/v2\/tags?post=5401"}],"curies":[{"name":"wp","href":"https:\/\/api.w.org\/{rel}","templated":true}]}}