{"id":5413,"date":"2020-06-28T08:00:00","date_gmt":"2020-06-28T06:00:00","guid":{"rendered":"http:\/\/deltanet.hu\/?p=5413"},"modified":"2020-06-22T15:59:17","modified_gmt":"2020-06-22T13:59:17","slug":"vege-az-adobe-flashnek","status":"publish","type":"post","link":"https:\/\/deltanet.hu\/index.php\/vege-az-adobe-flashnek\/","title":{"rendered":"V\u00e9ge az Adobe Flashnek"},"content":{"rendered":"\n<p>Aki internetezett, s\u0151t \u00e9p\u00edtett weboldalt a k\u00e9tezres \u00e9vek legelej\u00e9n, j\u00f3l tudja, hogy mit jelentett az Adobe Flash a netes tartalmak megjelen\u00edt\u00e9s\u00e9ben.<\/p>\n\n\n\n<p>Rengeteg honlapnak volt valamif\u00e9le nyit\u00f3 anim\u00e1ci\u00f3ja \u00e9s t\u00f6bbnyire az oldalakon bel\u00fcl is sz\u00ednes-szagos l\u00e1tv\u00e1nyelemek \u2013 izg\u0151-mozg\u00f3 gombok, men\u00fcsorok, j\u00e1t\u00e9kok, vide\u00f3k \u2013 uralt\u00e1k a vizu\u00e1lis vil\u00e1got.<\/p>\n\n\n\n<p>A 90-es \u00e9vek v\u00e9gi web 1.0-\u00e1s kezdetleges animgifjeihez k\u00e9pest val\u00f3ban sci-finek t\u0171ntek a relat\u00edve kev\u00e9s s\u00e1vsz\u00e9less\u00e9get zab\u00e1l\u00f3, sz\u00e9p \u00e9s g\u00f6rd\u00fcl\u00e9keny flash mozg\u00f3k\u00e9pek.<\/p>\n\n\n\n<p>Azt\u00e1n a web nagyon gyorsan tov\u00e1bbl\u00e9pett, j\u00f6tt a web 2.0, j\u00f6ttek a blogok, a HTML5, a k\u00f6z\u00f6ss\u00e9gi m\u00e9dia, a mobil platformok \u00e9s \u00edgy tov\u00e1bb, a Flash pedig el\u0151bb elavultt\u00e1, majd nagyon gyorsan ideges\u00edt\u0151v\u00e9 \u00e9s v\u00e9g\u00fcl gy\u0171l\u00f6ltt\u00e9 v\u00e1lt a folyamatos friss\u00edt\u00e9st \u00e9s t\u00f6r\u0151d\u00e9st ig\u00e9nyl\u0151, vagyis ink\u00e1bb k\u00f6vetel\u0151 pluginj\u00e1val egy\u00fctt.<\/p>\n\n\n\n<p>A legnagyobb t\u00f6r\u00e9st a Flash \u00e9let\u00e9ben val\u00f3sz\u00edn\u0171leg az jelentette, amikor 2010-ben Steve Jobs, az Apple vez\u00e9rigazgat\u00f3ja, vezet\u0151 fejleszt\u0151je bejelentette, hogy a c\u00e9g term\u00e9kei \u2013 els\u0151sorban az iPhone-ok \u00e9s iPadek nem t\u00e1mogatj\u00e1k tov\u00e1bb a Flash megjelen\u00edt\u00e9s\u00e9t.<\/p>\n\n\n\n<p>Ennek ellen\u00e9re az Adobe ragaszkodott a Flash \u00e9letben tart\u00e1s\u00e1hoz, \u00e9s elk\u00e9peszt\u0151 m\u00f3don csak 2017 j\u00falius\u00e1ban jelentett\u00e9k be a c\u00e9g illet\u00e9kesei, hogy sz\u00e1nd\u00e9kukban \u00e1ll valamikor kivezetni a piacr\u00f3l a kopott f\u00e9ny\u0171 term\u00e9ket<\/p>\n\n\n\n<p>Most azonban megvan a temet\u00e9s d\u00e1tuma: az Adobe a honlapj\u00e1n bejelentette, hogy 2020. december 31-\u00e9n v\u00e9get \u00e9r a Flash p\u00e1lyafut\u00e1sa, j\u00f6v\u0151 \u00e9vt\u0151l nem lesz let\u00f6lthet\u0151 \u00e9s nem adnak ki r\u00e1 friss\u00edt\u00e9st, biztons\u00e1gi jav\u00edt\u00e1sokat sem.<\/p>\n\n\n\n<p>A k\u00f6zlem\u00e9nyben az Adobe azzal magyar\u00e1zza a Flash befejez\u00e9s\u00e9t, hogy a jelenlegi netes fejleszt\u0151i platformok<\/p>\n\n\n\n<p>feln\u0151ttek \u00e9s k\u00e9pesek funkci\u00f3iban teljesen kiv\u00e1ltani a Flasht.<\/p>\n","protected":false},"excerpt":{"rendered":"<p>Aki internetezett, s\u0151t \u00e9p\u00edtett weboldalt a k\u00e9tezres \u00e9vek legelej\u00e9n, j\u00f3l tudja, hogy mit jelentett az Adobe Flash a netes tartalmak megjelen\u00edt\u00e9s\u00e9ben. Rengeteg honlapnak volt valamif\u00e9le<\/p>\n","protected":false},"author":4,"featured_media":5414,"comment_status":"closed","ping_status":"closed","sticky":false,"template":"","format":"standard","meta":{"_mi_skip_tracking":false},"categories":[35,4,34],"tags":[80,81,40,83,82],"_links":{"self":[{"href":"https:\/\/deltanet.hu\/index.php\/wp-json\/wp\/v2\/posts\/5413"}],"collection":[{"href":"https:\/\/deltanet.hu\/index.php\/wp-json\/wp\/v2\/posts"}],"about":[{"href":"https:\/\/deltanet.hu\/index.php\/wp-json\/wp\/v2\/types\/post"}],"author":[{"embeddable":true,"href":"https:\/\/deltanet.hu\/index.php\/wp-json\/wp\/v2\/users\/4"}],"replies":[{"embeddable":true,"href":"https:\/\/deltanet.hu\/index.php\/wp-json\/wp\/v2\/comments?post=5413"}],"version-history":[{"count":1,"href":"https:\/\/deltanet.hu\/index.php\/wp-json\/wp\/v2\/posts\/5413\/revisions"}],"predecessor-version":[{"id":5415,"href":"https:\/\/deltanet.hu\/index.php\/wp-json\/wp\/v2\/posts\/5413\/revisions\/5415"}],"wp:featuredmedia":[{"embeddable":true,"href":"https:\/\/deltanet.hu\/index.php\/wp-json\/wp\/v2\/media\/5414"}],"wp:attachment":[{"href":"https:\/\/deltanet.hu\/index.php\/wp-json\/wp\/v2\/media?parent=5413"}],"wp:term":[{"taxonomy":"category","embeddable":true,"href":"https:\/\/deltanet.hu\/index.php\/wp-json\/wp\/v2\/categories?post=5413"},{"taxonomy":"post_tag","embeddable":true,"href":"https:\/\/deltanet.hu\/index.php\/wp-json\/wp\/v2\/tags?post=5413"}],"curies":[{"name":"wp","href":"https:\/\/api.w.org\/{rel}","templated":true}]}}