{"id":5486,"date":"2020-07-09T08:00:00","date_gmt":"2020-07-09T06:00:00","guid":{"rendered":"http:\/\/deltanet.hu\/?p=5486"},"modified":"2020-07-06T11:53:24","modified_gmt":"2020-07-06T09:53:24","slug":"kreativ-meltanyossag","status":"publish","type":"post","link":"https:\/\/deltanet.hu\/index.php\/kreativ-meltanyossag\/","title":{"rendered":"Kreat\u00edv m\u00e9lt\u00e1nyoss\u00e1g"},"content":{"rendered":"\n<p>A Nemzeti M\u00e9dia- \u00e9s H\u00edrk\u00f6zl\u00e9si Hat\u00f3s\u00e1gon (NMHH) bel\u00fcl \u00f6n\u00e1ll\u00f3an m\u0171k\u00f6d\u0151 m\u00e9dia- \u00e9s h\u00edrk\u00f6zl\u00e9si biztos elismer\u0151 szavakkal illette a magyar t\u00e1vk\u00f6zl\u00e9si szolg\u00e1ltat\u00f3k j\u00e1rv\u00e1ny idej\u00e9n tan\u00fas\u00edtott m\u00e9lt\u00e1nyos \u00e9s k\u00f6r\u00fcltekint\u0151 panaszkezel\u00e9s\u00e9t, rendk\u00edv\u00fcli adatcsomagjait.<\/p>\n\n\n\n<p>A t\u00e1vk\u00f6zl\u00e9si szolg\u00e1ltat\u00f3k a j\u00e1rv\u00e1ny miatti vesz\u00e9lyhelyzet idej\u00e9n rendk\u00edv\u00fcli k\u00f6r\u00fcltekint\u00e9st \u00e9s m\u00e9lt\u00e1nyoss\u00e1got tan\u00fas\u00edtottak. A t\u00f6meges otthontart\u00f3zkod\u00e1s \u00e9s elszigetelts\u00e9g miatt ugr\u00e1sszer\u0171en megn\u0151tt az inform\u00e1ci\u00f3hoz jut\u00e1s ir\u00e1nti ig\u00e9ny, mindennaposs\u00e1 v\u00e1lt az otthoni munka, a t\u00e1voktat\u00e1s.<\/p>\n\n\n\n<p>Mindez fokozott t\u00f6bbletterhel\u00e9st jelentett a t\u00e1vk\u00f6zl\u00e9si szolg\u00e1ltat\u00f3knak: megn\u0151tt a kereslet a nagyobb adatcsomagok \u00e9s az \u00faj internet-, t\u00e9v\u00e9- \u00e9s telefonbek\u00f6t\u00e9sek ir\u00e1nt.<\/p>\n\n\n\n<p>Mindez jelent\u0151sen megn\u00f6velte az \u00fcgyf\u00e9lszolg\u00e1latok terheit, r\u00e1ad\u00e1sul a szem\u00e9lyes \u00fcgyint\u00e9z\u00e9s sz\u00fcnetel\u00e9se \u00e9s a k\u00e9nyszer\u0171 otthonmarad\u00e1s miatt sokaknak v\u00e1lt nehezebb\u00e9 a csekkfelad\u00e1s, a fizet\u00e9si hat\u00e1rid\u0151k betart\u00e1sa.<\/p>\n\n\n\n<p>A vesz\u00e9lyhelyzet ideje alatt a m\u00e9dia- \u00e9s h\u00edrk\u00f6zl\u00e9si biztos hivatal\u00e1hoz is h\u00fasz sz\u00e1zal\u00e9kkal t\u00f6bb panasz \u00e9rkezett a tavalyi \u00e9v azonos id\u0151szak\u00e1hoz k\u00e9pest.<\/p>\n\n\n\n<p>A panaszok t\u00e9ma szerinti megoszl\u00e1sa l\u00e9nyeg\u00e9ben nem t\u00e9r el a megel\u0151z\u0151 id\u0151szak\u00e9t\u00f3l, de n\u0151tt az olyan esetek sz\u00e1ma, amely a kialakult helyzetben v\u00e1lt k\u00fcl\u00f6n\u00f6sen s\u00e9relmess\u00e9.<\/p>\n\n\n\n<p>A tapasztalatok szerint a szolg\u00e1ltat\u00f3k igyekeztek minden panaszt megnyugtat\u00f3 m\u00f3don rendezni. A biztos hivatala k\u00fcl\u00f6n\u00f6sen \u00fcdv\u00f6zli a szolg\u00e1ltat\u00f3k azon kreat\u00edv, rugalmas megold\u00e1sait, amelyekkel a probl\u00e9m\u00e1k el\u00e9 menve hoztak megrendk\u00edv\u00fcli d\u00f6nt\u00e9seket.<\/p>\n\n\n\n<p>Egyes szolg\u00e1ltat\u00f3k m\u00e1rciusban a d\u00edjh\u00e1tral\u00e9k miatt nem korl\u00e1tozt\u00e1k a szolg\u00e1ltat\u00e1sokat, s\u0151t fizet\u00e9si eml\u00e9keztet\u0151t, felsz\u00f3l\u00edt\u00e1st sem k\u00fcldtek, m\u00e1sok pedig a r\u00e9szletfizet\u00e9s \u00e9s sz\u00fcnetel\u00e9s ir\u00e1nti k\u00e9relmeket vizsg\u00e1lat n\u00e9lk\u00fcl teljes\u00edtett\u00e9k.<\/p>\n\n\n\n<p>Forr\u00e1s: <a href=\"https:\/\/www.hwsw.hu\/hirek\/61927\/nmhh-hirkozlesi-biztos-hatosag-tavkozles-covid19-ertekeles-meltanyossag.html\">https:\/\/www.hwsw.hu\/hirek\/61927\/nmhh-hirkozlesi-biztos-hatosag-tavkozles-covid19-ertekeles-meltanyossag.html<\/a><\/p>\n","protected":false},"excerpt":{"rendered":"<p>A Nemzeti M\u00e9dia- \u00e9s H\u00edrk\u00f6zl\u00e9si Hat\u00f3s\u00e1gon (NMHH) bel\u00fcl \u00f6n\u00e1ll\u00f3an m\u0171k\u00f6d\u0151 m\u00e9dia- \u00e9s h\u00edrk\u00f6zl\u00e9si biztos elismer\u0151 szavakkal illette a magyar t\u00e1vk\u00f6zl\u00e9si szolg\u00e1ltat\u00f3k j\u00e1rv\u00e1ny idej\u00e9n tan\u00fas\u00edtott m\u00e9lt\u00e1nyos<\/p>\n","protected":false},"author":4,"featured_media":5487,"comment_status":"closed","ping_status":"closed","sticky":false,"template":"","format":"standard","meta":{"_mi_skip_tracking":false},"categories":[35,4,1,34,33],"tags":[109,111,110],"_links":{"self":[{"href":"https:\/\/deltanet.hu\/index.php\/wp-json\/wp\/v2\/posts\/5486"}],"collection":[{"href":"https:\/\/deltanet.hu\/index.php\/wp-json\/wp\/v2\/posts"}],"about":[{"href":"https:\/\/deltanet.hu\/index.php\/wp-json\/wp\/v2\/types\/post"}],"author":[{"embeddable":true,"href":"https:\/\/deltanet.hu\/index.php\/wp-json\/wp\/v2\/users\/4"}],"replies":[{"embeddable":true,"href":"https:\/\/deltanet.hu\/index.php\/wp-json\/wp\/v2\/comments?post=5486"}],"version-history":[{"count":1,"href":"https:\/\/deltanet.hu\/index.php\/wp-json\/wp\/v2\/posts\/5486\/revisions"}],"predecessor-version":[{"id":5488,"href":"https:\/\/deltanet.hu\/index.php\/wp-json\/wp\/v2\/posts\/5486\/revisions\/5488"}],"wp:featuredmedia":[{"embeddable":true,"href":"https:\/\/deltanet.hu\/index.php\/wp-json\/wp\/v2\/media\/5487"}],"wp:attachment":[{"href":"https:\/\/deltanet.hu\/index.php\/wp-json\/wp\/v2\/media?parent=5486"}],"wp:term":[{"taxonomy":"category","embeddable":true,"href":"https:\/\/deltanet.hu\/index.php\/wp-json\/wp\/v2\/categories?post=5486"},{"taxonomy":"post_tag","embeddable":true,"href":"https:\/\/deltanet.hu\/index.php\/wp-json\/wp\/v2\/tags?post=5486"}],"curies":[{"name":"wp","href":"https:\/\/api.w.org\/{rel}","templated":true}]}}