{"id":5520,"date":"2020-07-19T08:00:00","date_gmt":"2020-07-19T06:00:00","guid":{"rendered":"http:\/\/deltanet.hu\/?p=5520"},"modified":"2020-07-13T12:56:43","modified_gmt":"2020-07-13T10:56:43","slug":"tolto-nelkuli-telefonok","status":"publish","type":"post","link":"https:\/\/deltanet.hu\/index.php\/tolto-nelkuli-telefonok\/","title":{"rendered":"T\u00f6lt\u0151 n\u00e9lk\u00fcli telefonok"},"content":{"rendered":"\n<p>Formabont\u00f3 l\u00e9p\u00e9st tesz id\u00e9n az Apple. Az \u0151sszel bemutatkoz\u00f3 iPhone-okt\u00f3l kezdve nem ad t\u00f6bb\u00e9 konnektorba dughat\u00f3 t\u00f6lt\u0151adaptert a mobiljaihoz.<\/p>\n\n\n\n<p>Akik ig\u00e9nyt tartanak az eszk\u00f6zre, azok k\u00fcl\u00f6n v\u00e1s\u00e1rolhatnak majd egy \u00faj fejleszt\u00e9s\u0171, 20 wattos egys\u00e9get.<\/p>\n\n\n\n<p>A t\u00f6lt\u0151k sz\u00e1m\u0171z\u00e9se nem az Apple egyedi koncepci\u00f3ja,&nbsp; k\u00f6vetkez\u0151 \u00e9vekben v\u00e1rhat\u00f3an ipar\u00e1gi jelens\u00e9gg\u00e9 v\u00e1lik. A d\u00e9l-koreai h\u00edrek szerint j\u00f6v\u0151re m\u00e1r a Samsung egyes telefonjainak a dobozaib\u00f3l is elt\u0171nnek a k\u00fcty\u00fck.<\/p>\n\n\n\n<p>A t\u00f6lt\u0151k sz\u00e1m\u0171z\u00e9s\u00e9nek t\u00f6bb oka is van: cs\u00f6kkenthet\u0151 a k\u00e9sz\u00fcl\u00e9kek v\u00e9teli \u00e1ra; t\u00f6lt\u0151k n\u00e9lk\u00fcl kisebbek lehetnek a mobilok dobozai, \u00edgy faragni lehet a csomagol\u00e1si \u00e9s sz\u00e1ll\u00edt\u00e1si k\u00f6lts\u00e9gen.<\/p>\n\n\n\n<p>A vev\u0151k t\u00f6bbs\u00e9g\u00e9nek m\u00e1r j\u00f3 n\u00e9h\u00e1ny t\u00f6lt\u0151je van otthon, \u00edgy minek vegyenek m\u00e9g egyet.<\/p>\n\n\n\n<p>Tov\u00e1bb\u00e1, dr\u00e1maian cs\u00f6kkenthet\u0151 az elektronikus hullad\u00e9k mennyis\u00e9ge, a t\u00e9nylegesen nem haszn\u00e1lt t\u00f6lt\u0151k k\u00e9sz\u00edt\u00e9s\u00e9re sz\u00fcks\u00e9gtelen\u00fcl felhaszn\u00e1lt er\u0151forr\u00e1sok herd\u00e1l\u00e1sa.<\/p>\n\n\n\n<p>Az egyetlen negat\u00edvum, hogy folyamatosan n\u0151 a mobilok t\u00f6lt\u00e9si teljes\u00edtm\u00e9nye, \u00edgy k\u00f6nnyen elk\u00e9pzelhet\u0151, hogy az \u00fajonnan megv\u00e1s\u00e1rolt telefon j\u00f3val gyorsabban t\u00f6lthet\u0151 a kor\u00e1bban haszn\u00e1ltn\u00e1l.<\/p>\n\n\n\n<p>P\u00e9ld\u00e1ul az el\u0151z\u0151 mobil csak 10 wattos t\u00f6lt\u00e9st tudott, m\u00edg az \u00faj m\u00e1r 20 wattosra is k\u00e9pes. Ha nincs megfelel\u0151 t\u00f6lt\u0151 az \u00faj telefon doboz\u00e1ban, de a vev\u0151 szeretn\u00e9 a lehet\u0151 leggyorsabban t\u00f6lteni azt, akkor k\u00e9nytelen lesz k\u00fcl\u00f6n v\u00e1s\u00e1rolni egy nagyobb teljes\u00edtm\u00e9ny\u0171 adaptert.<\/p>\n\n\n\n<p>Ez kellemetlen, de akiket nem zavar a hosszabb t\u00f6lt\u00e9si id\u0151, azok a p\u00e9nzt\u00e1rc\u00e1jukat \u00e9s a k\u00f6rnyezetet \u00f3vva, a telefonjaikban l\u00e9v\u0151 akku \u00e9lettartam\u00e1t kitolva maradhatnak valamelyik megl\u00e9v\u0151, kisebb teljes\u00edtm\u00e9ny\u0171 t\u00f6lt\u0151j\u00fck haszn\u00e1lat\u00e1n\u00e1l.<\/p>\n\n\n\n<p>Forr\u00e1s: <a href=\"https:\/\/www.origo.hu\/techbazis\/20200709-apple-samsung-mobiltolto.html\">https:\/\/www.origo.hu\/techbazis\/20200709-apple-samsung-mobiltolto.html<\/a><\/p>\n","protected":false},"excerpt":{"rendered":"<p>Formabont\u00f3 l\u00e9p\u00e9st tesz id\u00e9n az Apple. Az \u0151sszel bemutatkoz\u00f3 iPhone-okt\u00f3l kezdve nem ad t\u00f6bb\u00e9 konnektorba dughat\u00f3 t\u00f6lt\u0151adaptert a mobiljaihoz. Akik ig\u00e9nyt tartanak az eszk\u00f6zre, azok<\/p>\n","protected":false},"author":4,"featured_media":5521,"comment_status":"closed","ping_status":"closed","sticky":false,"template":"","format":"standard","meta":{"_mi_skip_tracking":false},"categories":[35,4],"tags":[137,40,136],"_links":{"self":[{"href":"https:\/\/deltanet.hu\/index.php\/wp-json\/wp\/v2\/posts\/5520"}],"collection":[{"href":"https:\/\/deltanet.hu\/index.php\/wp-json\/wp\/v2\/posts"}],"about":[{"href":"https:\/\/deltanet.hu\/index.php\/wp-json\/wp\/v2\/types\/post"}],"author":[{"embeddable":true,"href":"https:\/\/deltanet.hu\/index.php\/wp-json\/wp\/v2\/users\/4"}],"replies":[{"embeddable":true,"href":"https:\/\/deltanet.hu\/index.php\/wp-json\/wp\/v2\/comments?post=5520"}],"version-history":[{"count":1,"href":"https:\/\/deltanet.hu\/index.php\/wp-json\/wp\/v2\/posts\/5520\/revisions"}],"predecessor-version":[{"id":5522,"href":"https:\/\/deltanet.hu\/index.php\/wp-json\/wp\/v2\/posts\/5520\/revisions\/5522"}],"wp:featuredmedia":[{"embeddable":true,"href":"https:\/\/deltanet.hu\/index.php\/wp-json\/wp\/v2\/media\/5521"}],"wp:attachment":[{"href":"https:\/\/deltanet.hu\/index.php\/wp-json\/wp\/v2\/media?parent=5520"}],"wp:term":[{"taxonomy":"category","embeddable":true,"href":"https:\/\/deltanet.hu\/index.php\/wp-json\/wp\/v2\/categories?post=5520"},{"taxonomy":"post_tag","embeddable":true,"href":"https:\/\/deltanet.hu\/index.php\/wp-json\/wp\/v2\/tags?post=5520"}],"curies":[{"name":"wp","href":"https:\/\/api.w.org\/{rel}","templated":true}]}}