{"id":5540,"date":"2020-07-27T11:59:46","date_gmt":"2020-07-27T09:59:46","guid":{"rendered":"http:\/\/deltanet.hu\/?p=5540"},"modified":"2020-07-27T11:59:49","modified_gmt":"2020-07-27T09:59:49","slug":"digitalis-osszefogas","status":"publish","type":"post","link":"https:\/\/deltanet.hu\/index.php\/digitalis-osszefogas\/","title":{"rendered":"Digit\u00e1lis \u00f6sszefog\u00e1s"},"content":{"rendered":"\n<p>\u00d6sszefog\u00e1s, tettrek\u00e9szs\u00e9g, megl\u00e1tni az \u00e9let sz\u00e9ps\u00e9geit, kevesebb rohan\u00e1s \u00e9s t\u00f6bb egy\u00fctt t\u00f6lt\u00f6tt id\u0151 \u2013 ezek a fontosabb dolgok, amelyeket a magyarok tov\u00e1bb vinn\u00e9nek a koronav\u00edrus miatti korl\u00e1toz\u00e1sok idej\u00e9b\u0151l.&nbsp;<\/p>\n\n\n\n<p>A legfrissebb kutat\u00e1sa szerint t\u00edzb\u0151l heten gondolj\u00e1k azt, hogy a digit\u00e1lis megold\u00e1sok \u00e9s a v\u00edrus miatti korl\u00e1toz\u00e1sok eredm\u00e9nyek\u00e9pp \u00e9letform\u00e1nk v\u00e9g\u00e9rv\u00e9nyesen meg\u00e9rett a v\u00e1ltoz\u00e1sra, \u00e9s ebben nagy szerepe volt \u00e9s lesz az internetnek.<\/p>\n\n\n\n<p>A kutat\u00e1sban r\u00e9sztvev\u0151k 85 sz\u00e1zal\u00e9ka a fiataloknak, azaz a digit\u00e1lis tud\u00e1s legf\u0151bb birtokosainak, a csal\u00e1don bel\u00fcl is nagy szerep\u00fck volt abban, hogy mindenki j\u00f3l boldoguljon a digit\u00e1lis eszk\u00f6z\u00f6kkel \u00e9s h\u00e1romnegyed\u00fck szerint sok fiatal az internet seg\u00edts\u00e9g\u00e9vel hasznos dolgokat tett \u00e9s seg\u00edtett m\u00e1soknak.&nbsp;<\/p>\n\n\n\n<p>M\u00e9gis, a nyugd\u00edjasok sokkal pozit\u00edvabban l\u00e1tj\u00e1k a fiatalok \u00e9s a digitaliz\u00e1ci\u00f3 seg\u00edt\u0151 szerep\u00e9t ebben az id\u0151szakban, mint maguk a fiatalok.&nbsp;<\/p>\n\n\n\n<p>Mindebb\u0151l pedig arra k\u00f6vetkeztethet\u00fcnk, hogy a digit\u00e1lis megold\u00e1sok r\u00e9v\u00e9n er\u0151s\u00f6d\u00f6tt a gener\u00e1ci\u00f3k k\u00f6z\u00f6tti egy\u00fcttm\u0171k\u00f6d\u00e9s, \u00f6sszetart\u00f3bb lett a csal\u00e1d \u00e9s a digit\u00e1lis lehet\u0151s\u00e9gek seg\u00edts\u00e9g\u00e9vel t\u00f6bb gener\u00e1ci\u00f3 k\u00e9pvisel\u0151i \u00e9rhetik el, hogy a saj\u00e1t \u00e9let\u00fck nyertesei legyenek.<\/p>\n\n\n\n<p>A korl\u00e1toz\u00e1sok miatt megv\u00e1ltozott \u00e9letst\u00edlusb\u00f3l sokan a kevesebb \u00e9s felel\u0151sebb fogyaszt\u00e1st is tov\u00e1bb vinn\u00e9k, a kit\u00f6lt\u0151k 89 sz\u00e1zal\u00e9ka v\u00e9lekedik \u00fagy, hogy az internet eszk\u00f6ze lehet a gener\u00e1ci\u00f3k \u00e9s csoportok egy\u00fcttm\u0171k\u00f6d\u00e9s\u00e9nek a hasznos \u00e9s j\u00f3 dolgok el\u00e9r\u00e9se \u00e9rdek\u00e9ben.&nbsp;<\/p>\n\n\n\n<p>\u00c9rdekess\u00e9g, hogy a n\u0151k nagyobb ar\u00e1nyban \u00e9rz\u00e9kelt\u00e9k a neh\u00e9z id\u0151szak pozit\u00edvumait, tal\u00e1n \u00e9pp amiatt, hogy a saj\u00e1t bevall\u00e1suk alapj\u00e1n, nekik jobban felbor\u00edtotta az \u00e9let\u00fcket a koronav\u00edrus.<\/p>\n\n\n\n<p>Forr\u00e1s: <a href=\"https:\/\/www.mmonline.hu\/cikk\/digitalis-osszefogast-hozott-a-jarvany\/\">https:\/\/www.mmonline.hu\/cikk\/digitalis-osszefogast-hozott-a-jarvany\/<\/a><\/p>\n","protected":false},"excerpt":{"rendered":"<p>\u00d6sszefog\u00e1s, tettrek\u00e9szs\u00e9g, megl\u00e1tni az \u00e9let sz\u00e9ps\u00e9geit, kevesebb rohan\u00e1s \u00e9s t\u00f6bb egy\u00fctt t\u00f6lt\u00f6tt id\u0151 \u2013 ezek a fontosabb dolgok, amelyeket a magyarok tov\u00e1bb vinn\u00e9nek a koronav\u00edrus<\/p>\n","protected":false},"author":4,"featured_media":5541,"comment_status":"closed","ping_status":"closed","sticky":false,"template":"","format":"standard","meta":{"_mi_skip_tracking":false},"categories":[35,4,37,1,34,33],"tags":[154,40,155,44],"_links":{"self":[{"href":"https:\/\/deltanet.hu\/index.php\/wp-json\/wp\/v2\/posts\/5540"}],"collection":[{"href":"https:\/\/deltanet.hu\/index.php\/wp-json\/wp\/v2\/posts"}],"about":[{"href":"https:\/\/deltanet.hu\/index.php\/wp-json\/wp\/v2\/types\/post"}],"author":[{"embeddable":true,"href":"https:\/\/deltanet.hu\/index.php\/wp-json\/wp\/v2\/users\/4"}],"replies":[{"embeddable":true,"href":"https:\/\/deltanet.hu\/index.php\/wp-json\/wp\/v2\/comments?post=5540"}],"version-history":[{"count":1,"href":"https:\/\/deltanet.hu\/index.php\/wp-json\/wp\/v2\/posts\/5540\/revisions"}],"predecessor-version":[{"id":5542,"href":"https:\/\/deltanet.hu\/index.php\/wp-json\/wp\/v2\/posts\/5540\/revisions\/5542"}],"wp:featuredmedia":[{"embeddable":true,"href":"https:\/\/deltanet.hu\/index.php\/wp-json\/wp\/v2\/media\/5541"}],"wp:attachment":[{"href":"https:\/\/deltanet.hu\/index.php\/wp-json\/wp\/v2\/media?parent=5540"}],"wp:term":[{"taxonomy":"category","embeddable":true,"href":"https:\/\/deltanet.hu\/index.php\/wp-json\/wp\/v2\/categories?post=5540"},{"taxonomy":"post_tag","embeddable":true,"href":"https:\/\/deltanet.hu\/index.php\/wp-json\/wp\/v2\/tags?post=5540"}],"curies":[{"name":"wp","href":"https:\/\/api.w.org\/{rel}","templated":true}]}}