{"id":5559,"date":"2020-08-06T08:00:00","date_gmt":"2020-08-06T06:00:00","guid":{"rendered":"http:\/\/deltanet.hu\/?p=5559"},"modified":"2020-08-03T10:41:22","modified_gmt":"2020-08-03T08:41:22","slug":"mindenhol-legyen-5g","status":"publish","type":"post","link":"https:\/\/deltanet.hu\/index.php\/mindenhol-legyen-5g\/","title":{"rendered":"Mindenhol legyen 5G?"},"content":{"rendered":"\n<p>Remek\u00fcl \u00e1ll Magyarorsz\u00e1g az 5G bevezet\u00e9s\u00e9vel: a szabv\u00e1ny k\u00e9sz, a frekvenci\u00e1k \u00e9s az eszk\u00f6z\u00f6k is rendelkez\u00e9sre \u00e1llnak, \u00e1m a nagy \u00e1tt\u00f6r\u00e9s m\u00e9gis v\u00e1rat mag\u00e1ra.<\/p>\n\n\n\n<p>Az elm\u00falt h\u00f3napok sor\u00e1n az emberek t\u00f6bbs\u00e9ge sz\u00e1m\u00e1ra teljesen hat\u00e1stalann\u00e1 v\u00e1lt az 5G legfontosabb \u00fczenete.&nbsp;<\/p>\n\n\n\n<p>Neh\u00e9z az \u00fatk\u00f6zben is el\u00e9rhet\u0151, vill\u00e1mgyors netkapcsolat mellett kamp\u00e1nyolni, amikor mindenki otthon \u00fcl, stabil Wi-Fi-lefedetts\u00e9g alatt.<\/p>\n\n\n\n<p>A fejl\u0151d\u00e9snek azonban nem lehet g\u00e1tat szabni, pl\u00e1ne, hogy mostanra be\u00e9rtek a kor\u00e1bbi fejleszt\u00e9sek, \u00e9s a hazai boltok polcain is megjelentek az 5G-k\u00e9pes telefonok.<\/p>\n\n\n\n<p>Jelenleg nem is lehet nyugodt sz\u00edvvel aj\u00e1nlani az 5G-s d\u00edjcsomagokat akkor, amikor a lefedetts\u00e9g mind\u00f6ssze utc\u00e1kban m\u00e9rhet\u0151.<\/p>\n\n\n\n<p>Az Eur\u00f3pai Uni\u00f3 2020. j\u00fanius v\u00e9g\u00e9n nyilv\u00e1noss\u00e1gra hozott jelent\u00e9se szerint Magyarorsz\u00e1g a digit\u00e1lis infrastrukt\u00fara tekintet\u00e9ben az el\u0151kel\u0151 hetedik helyen szerepel a vizsg\u00e1lt uni\u00f3s orsz\u00e1gok k\u00f6z\u00f6tt.&nbsp;<\/p>\n\n\n\n<p>Ez nem kis r\u00e9szben a sok helyen el\u00e9rhet\u0151, nagysebess\u00e9g\u0171, sz\u00e9less\u00e1v\u00fa vezet\u00e9kes \u00e9s vezet\u00e9k n\u00e9lk\u00fcli h\u00e1l\u00f3zatoknak k\u00f6sz\u00f6nhet\u0151, \u00e1m 4G-lefedetts\u00e9g ter\u00e9n is 97 sz\u00e1zal\u00e9kos eredm\u00e9ny \u00e9rt el orsz\u00e1gunk.\u00a0<\/p>\n\n\n\n<p>Ehhez j\u00f6n m\u00e9g az 5G-felk\u00e9sz\u00fclts\u00e9g, amelyben 61 sz\u00e1zal\u00e9kosan teljes\u00edtett\u00fcnk, az uni\u00f3s \u00e1tlag csak 21 sz\u00e1zal\u00e9k.Az &#8220;Ipari 5G-technol\u00f3gia \u00e9s a J\u00f6v\u0151 Gy\u00e1ra&#8221; konferenci\u00e1n elhangzottak alapj\u00e1n haz\u00e1nkban priorit\u00e1sk\u00e9nt szerepel az 5G-s kereskedelmi szolg\u00e1ltat\u00e1sok ki\u00e9p\u00edt\u00e9se a f\u0151bb k\u00f6zleked\u00e9si utak \u00e9s a vas\u00fatvonalak ment\u00e9n.<br>Forr\u00e1s: <a href=\"https:\/\/pcworld.hu\/pcwlite\/mikor-lesz-vegre-mindenhol-5g-282241.html\">https:\/\/pcworld.hu\/pcwlite\/mikor-lesz-vegre-mindenhol-5g-282241.html<\/a><\/p>\n","protected":false},"excerpt":{"rendered":"<p>Remek\u00fcl \u00e1ll Magyarorsz\u00e1g az 5G bevezet\u00e9s\u00e9vel: a szabv\u00e1ny k\u00e9sz, a frekvenci\u00e1k \u00e9s az eszk\u00f6z\u00f6k is rendelkez\u00e9sre \u00e1llnak, \u00e1m a nagy \u00e1tt\u00f6r\u00e9s m\u00e9gis v\u00e1rat mag\u00e1ra. Az<\/p>\n","protected":false},"author":4,"featured_media":5560,"comment_status":"closed","ping_status":"closed","sticky":false,"template":"","format":"standard","meta":{"_mi_skip_tracking":false},"categories":[36,35,4,30,37,1,34,33],"tags":[],"_links":{"self":[{"href":"https:\/\/deltanet.hu\/index.php\/wp-json\/wp\/v2\/posts\/5559"}],"collection":[{"href":"https:\/\/deltanet.hu\/index.php\/wp-json\/wp\/v2\/posts"}],"about":[{"href":"https:\/\/deltanet.hu\/index.php\/wp-json\/wp\/v2\/types\/post"}],"author":[{"embeddable":true,"href":"https:\/\/deltanet.hu\/index.php\/wp-json\/wp\/v2\/users\/4"}],"replies":[{"embeddable":true,"href":"https:\/\/deltanet.hu\/index.php\/wp-json\/wp\/v2\/comments?post=5559"}],"version-history":[{"count":1,"href":"https:\/\/deltanet.hu\/index.php\/wp-json\/wp\/v2\/posts\/5559\/revisions"}],"predecessor-version":[{"id":5561,"href":"https:\/\/deltanet.hu\/index.php\/wp-json\/wp\/v2\/posts\/5559\/revisions\/5561"}],"wp:featuredmedia":[{"embeddable":true,"href":"https:\/\/deltanet.hu\/index.php\/wp-json\/wp\/v2\/media\/5560"}],"wp:attachment":[{"href":"https:\/\/deltanet.hu\/index.php\/wp-json\/wp\/v2\/media?parent=5559"}],"wp:term":[{"taxonomy":"category","embeddable":true,"href":"https:\/\/deltanet.hu\/index.php\/wp-json\/wp\/v2\/categories?post=5559"},{"taxonomy":"post_tag","embeddable":true,"href":"https:\/\/deltanet.hu\/index.php\/wp-json\/wp\/v2\/tags?post=5559"}],"curies":[{"name":"wp","href":"https:\/\/api.w.org\/{rel}","templated":true}]}}