{"id":5565,"date":"2020-08-08T08:00:00","date_gmt":"2020-08-08T06:00:00","guid":{"rendered":"http:\/\/deltanet.hu\/?p=5565"},"modified":"2020-08-03T10:49:08","modified_gmt":"2020-08-03T08:49:08","slug":"a-szulo-sem-oszthat-meg-fotot-gyermekerol","status":"publish","type":"post","link":"https:\/\/deltanet.hu\/index.php\/a-szulo-sem-oszthat-meg-fotot-gyermekerol\/","title":{"rendered":"A sz\u00fcl\u0151 sem oszthat meg fot\u00f3t gyermek\u00e9r\u0151l"},"content":{"rendered":"\n<p>Felcsepered\u0151ben l\u00e9v\u0151 gyermekeink fot\u00f3inak megoszt\u00e1sa a k\u00fcl\u00f6nb\u00f6z\u0151 k\u00f6z\u00f6ss\u00e9gi oldalakon m\u00e1r szinte megszokott dolognak sz\u00e1m\u00edt. A posztol\u00e1snak azonban nem v\u00e1rt k\u00f6vetkezm\u00e9nyei is lehetnek, ez\u00e9rt annak m\u00f3dj\u00e1t \u00e9s gyakoris\u00e1g\u00e1t is alaposan \u00e1t kell gondolnunk.<\/p>\n\n\n\n<p>J\u00f3 dolog, ha egy sz\u00fcl\u0151 b\u00fcszke a gyermek\u00e9re, amit ut\u00f3bbi is \u00e1t\u00e9rez. A k\u00e9rd\u00e9s ink\u00e1bb az, hogy kivel vagy kikkel osztja meg ezeket a pillanatokat. Nem mindegy ugyanis, hogy csak a sz\u0171kebb k\u00f6rnyezet l\u00e1tja azokat, vagy b\u00e1rki megtekintheti.&nbsp;<\/p>\n\n\n\n<p>Egy igazs\u00e1g\u00fcgyi szak\u00e9rt\u0151 v\u00e9lem\u00e9nye szerint, nem az a megold\u00e1s, hogy megbesz\u00e9lj\u00fck a gyermekkel, mi ker\u00fclj\u00f6n ki r\u00f3la az internetre, mivel 12 \u00e9ves korig nincs kialakult \u00e9rt\u00e9krendszere.&nbsp;<\/p>\n\n\n\n<p>\u00cdgy addig a sz\u00fcl\u0151nek van kiemelt szerepe \u00e9s egyben felel\u0151ss\u00e9ge abban, hogy mit kezd ut\u00f3dja k\u00e9peivel, \u00e9let\u00e9vel.&nbsp;<\/p>\n\n\n\n<p>A fot\u00f3k k\u00f6zz\u00e9t\u00e9tele pedig semmik\u00e9pp sem sz\u00f3lhat arr\u00f3l, hogy \u00e1ltaluk a felmen\u0151 t\u00f6bb pozit\u00edv reakci\u00f3t, visszajelz\u00e9st kapjon a vil\u00e1gh\u00e1l\u00f3n kereszt\u00fcl.<\/p>\n\n\n\n<p>12 \u00e9ves kort\u00f3l pedig a fot\u00f3k k\u00f6zz\u00e9t\u00e9tele m\u00e1r megbesz\u00e9l\u00e9st k\u00edv\u00e1n, ami oda-vissza \u00e9rtend\u0151, hiszen sok fiatalnak van m\u00e1r ilyenkor saj\u00e1t profilja is.&nbsp;<\/p>\n\n\n\n<p>Ma m\u00e1r \u00e9rv\u00e9nybe l\u00e9p enn\u00e9l a koroszt\u00e1lyn\u00e1l az internet vesz\u00e9lyeir\u0151l sz\u00f3l\u00f3 felvil\u00e1gos\u00edt\u00e1s is.&nbsp;<\/p>\n\n\n\n<p>Ennek keret\u00e9ben t\u00e1j\u00e9koztatni kell a kiskor\u00fat megoszt\u00e1sainak esetleges k\u00f6vetkezm\u00e9nyeir\u0151l, \u00e9s arr\u00f3l, hogy egy-egy felel\u0151tlen felt\u00f6lt\u00e9ssel k\u00f6nnyen a k\u00f6z\u00f6ss\u00e9g c\u00e9lpontj\u00e1v\u00e1 v\u00e1lhat.&nbsp;<\/p>\n\n\n\n<p>Mindemellett a feln\u0151ttnek szint\u00e9n ki kell k\u00e9rnie m\u00e1r ilyenkor gyermeke v\u00e9lem\u00e9ny\u00e9t, \u00e9s azt a fot\u00f3t, amihez nem j\u00e1rul hozz\u00e1 nem szabad k\u00f6zz\u00e9tennie, illetve k\u00e9r\u00e9s eset\u00e9n t\u00f6r\u00f6lnie kell azt.<\/p>\n\n\n\n<p>Forr\u00e1s: <a href=\"https:\/\/www.beol.hu\/kozelet\/helyi-kozelet\/a-szulo-sem-oszthat-meg-barmit-az-interneten-a-gyermekerol-2928398\/\">https:\/\/www.beol.hu\/kozelet\/helyi-kozelet\/a-szulo-sem-oszthat-meg-barmit-az-interneten-a-gyermekerol-2928398\/<\/a><\/p>\n","protected":false},"excerpt":{"rendered":"<p>Felcsepered\u0151ben l\u00e9v\u0151 gyermekeink fot\u00f3inak megoszt\u00e1sa a k\u00fcl\u00f6nb\u00f6z\u0151 k\u00f6z\u00f6ss\u00e9gi oldalakon m\u00e1r szinte megszokott dolognak sz\u00e1m\u00edt. A posztol\u00e1snak azonban nem v\u00e1rt k\u00f6vetkezm\u00e9nyei is lehetnek, ez\u00e9rt annak m\u00f3dj\u00e1t<\/p>\n","protected":false},"author":4,"featured_media":5566,"comment_status":"closed","ping_status":"closed","sticky":false,"template":"","format":"standard","meta":{"_mi_skip_tracking":false},"categories":[35,4,30,37,1,34,33],"tags":[],"_links":{"self":[{"href":"https:\/\/deltanet.hu\/index.php\/wp-json\/wp\/v2\/posts\/5565"}],"collection":[{"href":"https:\/\/deltanet.hu\/index.php\/wp-json\/wp\/v2\/posts"}],"about":[{"href":"https:\/\/deltanet.hu\/index.php\/wp-json\/wp\/v2\/types\/post"}],"author":[{"embeddable":true,"href":"https:\/\/deltanet.hu\/index.php\/wp-json\/wp\/v2\/users\/4"}],"replies":[{"embeddable":true,"href":"https:\/\/deltanet.hu\/index.php\/wp-json\/wp\/v2\/comments?post=5565"}],"version-history":[{"count":1,"href":"https:\/\/deltanet.hu\/index.php\/wp-json\/wp\/v2\/posts\/5565\/revisions"}],"predecessor-version":[{"id":5567,"href":"https:\/\/deltanet.hu\/index.php\/wp-json\/wp\/v2\/posts\/5565\/revisions\/5567"}],"wp:featuredmedia":[{"embeddable":true,"href":"https:\/\/deltanet.hu\/index.php\/wp-json\/wp\/v2\/media\/5566"}],"wp:attachment":[{"href":"https:\/\/deltanet.hu\/index.php\/wp-json\/wp\/v2\/media?parent=5565"}],"wp:term":[{"taxonomy":"category","embeddable":true,"href":"https:\/\/deltanet.hu\/index.php\/wp-json\/wp\/v2\/categories?post=5565"},{"taxonomy":"post_tag","embeddable":true,"href":"https:\/\/deltanet.hu\/index.php\/wp-json\/wp\/v2\/tags?post=5565"}],"curies":[{"name":"wp","href":"https:\/\/api.w.org\/{rel}","templated":true}]}}