{"id":5631,"date":"2020-08-29T08:00:00","date_gmt":"2020-08-29T06:00:00","guid":{"rendered":"http:\/\/deltanet.hu\/?p=5631"},"modified":"2020-08-24T11:17:07","modified_gmt":"2020-08-24T09:17:07","slug":"az-elso-magyar-muhold","status":"publish","type":"post","link":"https:\/\/deltanet.hu\/index.php\/az-elso-magyar-muhold\/","title":{"rendered":"Az els\u0151 magyar m\u0171hold"},"content":{"rendered":"\n<p>Egy k\u00f6z\u00f6s v\u00e1llalat keret\u00e9n bel\u00fcl val\u00f3sul meg a Magyar \u0170rt\u00e1vk\u00f6zl\u00e9si Zrt., melynek l\u00e9trehoz\u00e1s\u00e1val az alap\u00edt\u00f3k c\u00e9lja, hogy a t\u00e1rsas\u00e1g 2024-ben p\u00e1ly\u00e1ra \u00e1ll\u00edtsa \u00e9s hossz\u00fa t\u00e1von \u00fczemeltesse Magyarorsz\u00e1g els\u0151 kereskedelmi, valamint korm\u00e1nyzati \u00e9s tudom\u00e1nyos kutat\u00e1si feladatokra is alkalmas m\u0171holdj\u00e1t.<\/p>\n\n\n\n<p>Magyarorsz\u00e1g az ENSZ telekommunik\u00e1ci\u00f3s szakmai szervezet\u00e9nek tag\u00e1llamak\u00e9nt a \u201990-es \u00e9vek \u00f3ta minden sz\u00fcks\u00e9ges jogi felt\u00e9tellel \u00e9s nemzetk\u00f6zi meg\u00e1llapod\u00e1ssal rendelkezik ahhoz, hogy saj\u00e1t m\u0171holddal szolg\u00e1lja ki az orsz\u00e1g t\u00e1vk\u00f6zl\u00e9si \u00e9s telekommunik\u00e1ci\u00f3s ig\u00e9nyeit.<\/p>\n\n\n\n<p>A p\u00e1lyaszakaszt m\u00e9g 2004-ben a magyar korm\u00e1ny b\u00e9rbe adta egy k\u00fclf\u00f6ldi mag\u00e1nc\u00e9gnek.<\/p>\n\n\n\n<p>A szerz\u0151d\u00e9s 2024-ben j\u00e1r le, ezt k\u00f6vet\u0151en pedig Magyarorsz\u00e1gnak \u00fajra lehet\u0151s\u00e9ge ny\u00edlik arra, hogy saj\u00e1t p\u00e1lya poz\u00edci\u00f3ja \u00e9s frekvenci\u00e1ja f\u00f6l\u00f6tt rendelkezzen.<\/p>\n\n\n\n<p>Ennek a lehet\u0151s\u00e9gnek kiakn\u00e1z\u00e1s\u00e1ra j\u00f6n l\u00e9tre a&nbsp;\u200bMagyar \u0170rt\u00e1vk\u00f6zl\u00e9si Zrt.,\u200bamely nemzetk\u00f6zi p\u00e9ld\u00e1kat alapul v\u00e9ve, az \u00e1llam \u00e9s mag\u00e1nszektor szoros egy\u00fcttm\u0171k\u00f6d\u00e9s\u00e9vel \u00e1ll\u00edtja majd r\u00f6gz\u00edtett F\u00f6ld k\u00f6r\u00fcli p\u00e1ly\u00e1ra, illetve \u00fczemelteti Magyarorsz\u00e1g els\u0151 h\u00edrk\u00f6zl\u00e9si \u00e9s telekommunik\u00e1ci\u00f3s m\u0171holdj\u00e1t.<\/p>\n\n\n\n<p>\u201eA felgyorsult digitaliz\u00e1ci\u00f3 \u00e9s megn\u00f6vekedett t\u00e1vk\u00f6zl\u00e9si ig\u00e9nyek kiszolg\u00e1l\u00e1sa \u00e9rdek\u00e9ben glob\u00e1lis t\u00f6rekv\u00e9s az orsz\u00e1gok m\u0171holdas k\u00e9pess\u00e9geinek fejleszt\u00e9se. A kritikus infrastrukt\u00fara r\u00e9szek\u00e9nt Magyarorsz\u00e1g szuverenit\u00e1sa miatt is fontos, hogy ezen a ter\u00fcleten is felz\u00e1rk\u00f3zzon a vil\u00e1g \u00e9lvonal\u00e1hoz.\u201d \u2013 mondta az \u0171rkutat\u00e1s\u00e9rt felel\u0151s miniszteri biztos.<\/p>\n\n\n\n<p>Az els\u0151 magyar kereskedelmi m\u0171hold m\u0171sorsz\u00f3r\u00e1sra, internet- \u00e9s telefonos szolg\u00e1ltat\u00e1sra, adat\u00e1tvitelre \u00e9s egy\u00e9b kutat\u00e1si feladatokra lesz els\u0151sorban alkalmas.<\/p>\n\n\n\n<p>Forr\u00e1s: https:\/\/24.hu\/tech\/2020\/08\/17\/elso-magyar-kereskedelmi-muhol d-carpathiasat\/<\/p>\n","protected":false},"excerpt":{"rendered":"<p>Egy k\u00f6z\u00f6s v\u00e1llalat keret\u00e9n bel\u00fcl val\u00f3sul meg a Magyar \u0170rt\u00e1vk\u00f6zl\u00e9si Zrt., melynek l\u00e9trehoz\u00e1s\u00e1val az alap\u00edt\u00f3k c\u00e9lja, hogy a t\u00e1rsas\u00e1g 2024-ben p\u00e1ly\u00e1ra \u00e1ll\u00edtsa \u00e9s hossz\u00fa t\u00e1von<\/p>\n","protected":false},"author":4,"featured_media":5632,"comment_status":"closed","ping_status":"closed","sticky":false,"template":"","format":"standard","meta":{"_mi_skip_tracking":false},"categories":[36,35,4,30,37,1,34,33],"tags":[196,76,40,88,138,110,195,197],"_links":{"self":[{"href":"https:\/\/deltanet.hu\/index.php\/wp-json\/wp\/v2\/posts\/5631"}],"collection":[{"href":"https:\/\/deltanet.hu\/index.php\/wp-json\/wp\/v2\/posts"}],"about":[{"href":"https:\/\/deltanet.hu\/index.php\/wp-json\/wp\/v2\/types\/post"}],"author":[{"embeddable":true,"href":"https:\/\/deltanet.hu\/index.php\/wp-json\/wp\/v2\/users\/4"}],"replies":[{"embeddable":true,"href":"https:\/\/deltanet.hu\/index.php\/wp-json\/wp\/v2\/comments?post=5631"}],"version-history":[{"count":1,"href":"https:\/\/deltanet.hu\/index.php\/wp-json\/wp\/v2\/posts\/5631\/revisions"}],"predecessor-version":[{"id":5633,"href":"https:\/\/deltanet.hu\/index.php\/wp-json\/wp\/v2\/posts\/5631\/revisions\/5633"}],"wp:featuredmedia":[{"embeddable":true,"href":"https:\/\/deltanet.hu\/index.php\/wp-json\/wp\/v2\/media\/5632"}],"wp:attachment":[{"href":"https:\/\/deltanet.hu\/index.php\/wp-json\/wp\/v2\/media?parent=5631"}],"wp:term":[{"taxonomy":"category","embeddable":true,"href":"https:\/\/deltanet.hu\/index.php\/wp-json\/wp\/v2\/categories?post=5631"},{"taxonomy":"post_tag","embeddable":true,"href":"https:\/\/deltanet.hu\/index.php\/wp-json\/wp\/v2\/tags?post=5631"}],"curies":[{"name":"wp","href":"https:\/\/api.w.org\/{rel}","templated":true}]}}