{"id":5666,"date":"2020-08-31T11:20:00","date_gmt":"2020-08-31T09:20:00","guid":{"rendered":"http:\/\/deltanet.hu\/?p=5666"},"modified":"2020-08-31T11:17:11","modified_gmt":"2020-08-31T09:17:11","slug":"nyaralas-alatt-is-fontos-az-internet","status":"publish","type":"post","link":"https:\/\/deltanet.hu\/index.php\/nyaralas-alatt-is-fontos-az-internet\/","title":{"rendered":"Nyaral\u00e1s alatt is fontos az internet"},"content":{"rendered":"\n<p>A magyarok h\u00e1romnegyede nyaral\u00e1s sor\u00e1n is ragaszkodik a j\u00f3 min\u0151s\u00e9g\u0171 internethez, s\u0151t, 38 sz\u00e1zal\u00e9kukn\u00e1l sz\u00f3ba sem j\u00f6het olyan sz\u00e1ll\u00e1s, ahol nincs megfelel\u0151 netkapcsolat.<\/p>\n\n\n\n<p>A sz\u00e1ll\u00e1sok kiv\u00e1laszt\u00e1sakor a foglal\u00e1s sor\u00e1n t\u00edzb\u0151l hat ember megn\u00e9zi azt is, mit \u00edrnak az utaz\u00f3k a net min\u0151s\u00e9g\u00e9r\u0151l a sz\u00e1ll\u00e1shelyek \u00e9rt\u00e9kel\u00e9seiben.<\/p>\n\n\n\n<p>Ak\u00e1r pihen\u00e9ssel, ak\u00e1r munk\u00e1val vegyes kikapcsol\u00f3d\u00e1ssal t\u00f6ltj\u00fck az id\u0151t egy nyaral\u00f3helyen, az internet alapfelt\u00e9tel \u2013 der\u00fcl ki az egyik sz\u00e1ll\u00e1sad\u00f3 port\u00e1l friss felm\u00e9r\u00e9s\u00e9b\u0151l.<\/p>\n\n\n\n<p>A kutat\u00e1sban azt vizsg\u00e1lt\u00e1k, mennyire befoly\u00e1solja a sz\u00e1ll\u00e1shely kiv\u00e1laszt\u00e1sakor az utazni v\u00e1gy\u00f3kat a helyi internetel\u00e9r\u00e9s.<\/p>\n\n\n\n<p>Sokan a ny\u00e1ri szabads\u00e1g alatt is, ha csak napi p\u00e1r \u00f3ra erej\u00e9ig, de tov\u00e1bbra is k\u00e9nytelen bekapcsol\u00f3dni a munkahelyi folyamatokba, vagy \u00e9ppen k\u00e9zben kell tartania v\u00e1llalkoz\u00e1s\u00e1t, vagy ahogy otthon, \u00fagy a nyaral\u00e1s alatt is t\u00e1j\u00e9koz\u00f3dik, haszn\u00e1lja a social medi\u00e1t, online zen\u00e9t hallgat, esetleg sorozatokat n\u00e9z.<\/p>\n\n\n\n<p>Ehhez k\u00e9pest a sz\u00e1ll\u00e1skeres\u0151k el\u00e9g magas h\u00e1nyada, mintegy 43 sz\u00e1zal\u00e9ka kor\u00e1bbi belf\u00f6ldi utaz\u00e1sai sor\u00e1n \u00fagy tapasztalta, hogy ha volt is internet-hozz\u00e1f\u00e9r\u00e9s a sz\u00e1ll\u00e1son, az el\u00e9gg\u00e9 gyenge min\u0151s\u00e9g\u0171 volt, akadozott, vagy csak bizonyos helyeken m\u0171k\u00f6d\u00f6tt.<\/p>\n\n\n\n<p>Pedig az utaz\u00f3k fel\u00e9t ez a fajta kellemetlens\u00e9g kimondottan bosszantja.<\/p>\n\n\n\n<p>Ez\u00e9rt is v\u00e1laszolta a k\u00e9rd\u0151\u00edvet kit\u00f6lt\u0151k csaknem k\u00e9tharmada, hogy k\u00e9t hasonl\u00f3 sz\u00ednvonal\u00fa \u00e9s \u00e1rfekv\u00e9s\u0171 sz\u00e1ll\u00e1s k\u00f6z\u00fcl biztosan azt v\u00e1lasztan\u00e1, ahol van internet- \u00e9s\/vagy wifi hozz\u00e1f\u00e9r\u00e9s. S\u0151t sokakn\u00e1l olyan sz\u00e1ll\u00e1shely sz\u00f3ba sem j\u00f6het, ahol ezen digit\u00e1lis felt\u00e9telek nem adottak.<\/p>\n\n\n\n<figure class=\"wp-block-embed\"><div class=\"wp-block-embed__wrapper\">\nhttps:\/\/24.hu\/tech\/2020\/08\/28\/felmeres-internet-szallashely\/\n<\/div><\/figure>\n","protected":false},"excerpt":{"rendered":"<p>A magyarok h\u00e1romnegyede nyaral\u00e1s sor\u00e1n is ragaszkodik a j\u00f3 min\u0151s\u00e9g\u0171 internethez, s\u0151t, 38 sz\u00e1zal\u00e9kukn\u00e1l sz\u00f3ba sem j\u00f6het olyan sz\u00e1ll\u00e1s, ahol nincs megfelel\u0151 netkapcsolat. A sz\u00e1ll\u00e1sok<\/p>\n","protected":false},"author":4,"featured_media":5657,"comment_status":"closed","ping_status":"closed","sticky":false,"template":"","format":"standard","meta":{"_mi_skip_tracking":false},"categories":[36,35,4,30,37,1,34,33],"tags":[40,88,43,208,206,135,41],"_links":{"self":[{"href":"https:\/\/deltanet.hu\/index.php\/wp-json\/wp\/v2\/posts\/5666"}],"collection":[{"href":"https:\/\/deltanet.hu\/index.php\/wp-json\/wp\/v2\/posts"}],"about":[{"href":"https:\/\/deltanet.hu\/index.php\/wp-json\/wp\/v2\/types\/post"}],"author":[{"embeddable":true,"href":"https:\/\/deltanet.hu\/index.php\/wp-json\/wp\/v2\/users\/4"}],"replies":[{"embeddable":true,"href":"https:\/\/deltanet.hu\/index.php\/wp-json\/wp\/v2\/comments?post=5666"}],"version-history":[{"count":1,"href":"https:\/\/deltanet.hu\/index.php\/wp-json\/wp\/v2\/posts\/5666\/revisions"}],"predecessor-version":[{"id":5667,"href":"https:\/\/deltanet.hu\/index.php\/wp-json\/wp\/v2\/posts\/5666\/revisions\/5667"}],"wp:featuredmedia":[{"embeddable":true,"href":"https:\/\/deltanet.hu\/index.php\/wp-json\/wp\/v2\/media\/5657"}],"wp:attachment":[{"href":"https:\/\/deltanet.hu\/index.php\/wp-json\/wp\/v2\/media?parent=5666"}],"wp:term":[{"taxonomy":"category","embeddable":true,"href":"https:\/\/deltanet.hu\/index.php\/wp-json\/wp\/v2\/categories?post=5666"},{"taxonomy":"post_tag","embeddable":true,"href":"https:\/\/deltanet.hu\/index.php\/wp-json\/wp\/v2\/tags?post=5666"}],"curies":[{"name":"wp","href":"https:\/\/api.w.org\/{rel}","templated":true}]}}