{"id":5719,"date":"2020-09-14T13:29:20","date_gmt":"2020-09-14T11:29:20","guid":{"rendered":"http:\/\/deltanet.hu\/?p=5719"},"modified":"2020-09-14T13:29:23","modified_gmt":"2020-09-14T11:29:23","slug":"eszkozellatottsag-a-tanev-elejen","status":"publish","type":"post","link":"https:\/\/deltanet.hu\/index.php\/eszkozellatottsag-a-tanev-elejen\/","title":{"rendered":"Eszk\u00f6zell\u00e1totts\u00e1g a tan\u00e9v elej\u00e9n"},"content":{"rendered":"\n<p>Egy augusztusban v\u00e9gzett orsz\u00e1gos felm\u00e9r\u00e9s szerint a tavaszi k\u00e9nyszerhelyzet miatt sokat javult a tanul\u00f3k eszk\u00f6zell\u00e1totts\u00e1ga, a sz\u00fcl\u0151k t\u00f6bbs\u00e9ge viszont a h\u00e1ta k\u00f6zep\u00e9re sem k\u00edv\u00e1nja a t\u00e1voktat\u00e1st.<\/p>\n\n\n\n<p>A sz\u00e1mok azt mutatj\u00e1k, hogy noha a legt\u00f6bb sz\u00fcl\u0151 sz\u00e1m\u00e1ra a hagyom\u00e1nyos oktat\u00e1s az ide\u00e1lis megold\u00e1s, a legt\u00f6bben m\u00e9gis a digit\u00e1lis oktat\u00e1s visszat\u00e9r\u00e9s\u00e9re sz\u00e1m\u00edtanak.<\/p>\n\n\n\n<p>Annak ellen\u00e9re, hogy a jelenlegi tan\u00e9v m\u00e1r elindult, a v\u00e1laszad\u00f3, iskol\u00e1skor\u00fa gyermekkel rendelkez\u0151 sz\u00fcl\u0151k k\u00f6zel fele a digit\u00e1lis oktat\u00e1s r\u00f6vid id\u0151n bel\u00fcli visszat\u00e9r\u00e9s\u00e9re sz\u00e1m\u00edt, \u00f6t\u00f6d\u00fck pedig a k\u00e9t oktat\u00e1si forma k\u00f6z\u00f6tti t\u00f6bbsz\u00f6ri v\u00e1ltakoz\u00e1st tartja a legval\u00f3sz\u00edn\u0171bbnek.<\/p>\n\n\n\n<p>A m\u0171szaki cikkek, sz\u00e1m\u00edt\u00e1stechnikai- \u00e9s okos eszk\u00f6z\u00f6k, haz\u00e1nkban eddig jellemz\u0151en nem tartoztak bele az iskola-felszerel\u00e9sbe, \u00e1m ez a trend \u00e9vr\u0151l \u00e9vre fordulni l\u00e1tszik, \u00e9s ennek a v\u00edrus m\u00e9g nagyobb l\u00f6k\u00e9st adott.<\/p>\n\n\n\n<p>2020-ban a m\u0171szaki cikkek ir\u00e1nti kereslet jelent\u0151sen megn\u0151tt f\u0151leg azok k\u00f6r\u00e9ben, akiknek \u00e1ltal\u00e1nos iskola als\u00f3 tagozatos gyermeke van.<\/p>\n\n\n\n<p>A digit\u00e1lis oktat\u00e1s m\u00e1rciusi bevezet\u00e9sekor is megfigyelhet\u0151 volt a megn\u00f6vekedett v\u00e1s\u00e1rl\u00e1si ig\u00e9ny: a sz\u00fcl\u0151k harmada v\u00e1s\u00e1rolt valamilyen m\u0171szaki cikket kifejezetten a v\u00edrus hat\u00e1s\u00e1ra tavasszal, a legt\u00f6bben laptopot vagy mobiltelefont.<\/p>\n\n\n\n<p>Az inform\u00e1ci\u00f3szerz\u00e9s, a tanul\u00e1s \u00e9s a kikapcsol\u00f3d\u00e1s mellett a vil\u00e1gh\u00e1l\u00f3n k\u00e1ros tartalmakkal is tal\u00e1lkozhatnak a gyerekek, illetve az a vesz\u00e9ly is fenn\u00e1ll, hogy a kellet\u00e9n\u00e9l t\u00f6bb id\u0151t t\u00f6ltenek online, legt\u00f6bbsz\u00f6r b\u00e1rmif\u00e9le ellen\u0151rz\u00e9s n\u00e9lk\u00fcl. Eg\u00e9szen kicsi kort\u00f3l fontos a tudatos internet haszn\u00e1latra t\u00f6rt\u00e9n\u0151 nevel\u00e9s, a vesz\u00e9lyek \u00e9s a biztons\u00e1gos internetez\u00e9s szab\u00e1lyainak megismertet\u00e9se.<\/p>\n\n\n\n<p>Forr\u00e1s: https:\/\/bitport.hu\/igy-allnak-hozza-a-tanevkezdeshez-a-hazai-cs aladok<\/p>\n","protected":false},"excerpt":{"rendered":"<p>Egy augusztusban v\u00e9gzett orsz\u00e1gos felm\u00e9r\u00e9s szerint a tavaszi k\u00e9nyszerhelyzet miatt sokat javult a tanul\u00f3k eszk\u00f6zell\u00e1totts\u00e1ga, a sz\u00fcl\u0151k t\u00f6bbs\u00e9ge viszont a h\u00e1ta k\u00f6zep\u00e9re sem k\u00edv\u00e1nja a<\/p>\n","protected":false},"author":4,"featured_media":5720,"comment_status":"closed","ping_status":"closed","sticky":false,"template":"","format":"standard","meta":{"_mi_skip_tracking":false},"categories":[36,35,4,30,37,1,34,33],"tags":[193,237,40,88,44,110,238],"_links":{"self":[{"href":"https:\/\/deltanet.hu\/index.php\/wp-json\/wp\/v2\/posts\/5719"}],"collection":[{"href":"https:\/\/deltanet.hu\/index.php\/wp-json\/wp\/v2\/posts"}],"about":[{"href":"https:\/\/deltanet.hu\/index.php\/wp-json\/wp\/v2\/types\/post"}],"author":[{"embeddable":true,"href":"https:\/\/deltanet.hu\/index.php\/wp-json\/wp\/v2\/users\/4"}],"replies":[{"embeddable":true,"href":"https:\/\/deltanet.hu\/index.php\/wp-json\/wp\/v2\/comments?post=5719"}],"version-history":[{"count":1,"href":"https:\/\/deltanet.hu\/index.php\/wp-json\/wp\/v2\/posts\/5719\/revisions"}],"predecessor-version":[{"id":5721,"href":"https:\/\/deltanet.hu\/index.php\/wp-json\/wp\/v2\/posts\/5719\/revisions\/5721"}],"wp:featuredmedia":[{"embeddable":true,"href":"https:\/\/deltanet.hu\/index.php\/wp-json\/wp\/v2\/media\/5720"}],"wp:attachment":[{"href":"https:\/\/deltanet.hu\/index.php\/wp-json\/wp\/v2\/media?parent=5719"}],"wp:term":[{"taxonomy":"category","embeddable":true,"href":"https:\/\/deltanet.hu\/index.php\/wp-json\/wp\/v2\/categories?post=5719"},{"taxonomy":"post_tag","embeddable":true,"href":"https:\/\/deltanet.hu\/index.php\/wp-json\/wp\/v2\/tags?post=5719"}],"curies":[{"name":"wp","href":"https:\/\/api.w.org\/{rel}","templated":true}]}}