{"id":5828,"date":"2020-09-29T11:54:39","date_gmt":"2020-09-29T09:54:39","guid":{"rendered":"http:\/\/deltanet.hu\/?p=5828"},"modified":"2020-09-29T11:54:41","modified_gmt":"2020-09-29T09:54:41","slug":"5g-labort-adott-at-a-hirkozlesi-hatosag","status":"publish","type":"post","link":"https:\/\/deltanet.hu\/index.php\/5g-labort-adott-at-a-hirkozlesi-hatosag\/","title":{"rendered":"5G labort adott \u00e1t a H\u00edrk\u00f6zl\u00e9si Hat\u00f3s\u00e1g"},"content":{"rendered":"\n<p>Az \u00fajgener\u00e1ci\u00f3s h\u00e1l\u00f3zatok modellez\u00e9s\u00e9t \u00e9s vizsg\u00e1lat\u00e1t seg\u00edti a Nemzeti M\u00e9dia- \u00e9s H\u00edrk\u00f6zl\u00e9si Hat\u00f3s\u00e1g h\u00edrk\u00f6zl\u00e9si laborja a Miskolci Egyetemen.<\/p>\n\n\n\n<p>A Nemzeti M\u00e9dia \u00e9s H\u00edrk\u00f6zl\u00e9si Hat\u00f3s\u00e1g eln\u00f6ke szerint az 5G m\u0171k\u00f6dtet\u00e9s\u00e9hez egyre t\u00f6bb hozz\u00e1\u00e9rt\u0151 szakemberre lesz sz\u00fcks\u00e9g, \u00e9s az eg\u00e9sz orsz\u00e1g \u00e9rdeke, hogy \u0151k, naprak\u00e9sz tud\u00e1ssal induljanak el a p\u00e1ly\u00e1n \u00e9s ez az eg\u00e9sz orsz\u00e1g j\u00f6v\u0151j\u00e9nek kulcsk\u00e9rd\u00e9se.<\/p>\n\n\n\n<p>Az NMHH \u00e1ltal adom\u00e1nyozott nagyteljes\u00edtm\u00e9ny\u0171 sz\u00e1m\u00edt\u00f3g\u00e9pekkel \u00e9s h\u00e1l\u00f3zatm\u00e9r\u0151 felszerel\u00e9ssel az egyetem olyan naprak\u00e9sz eszk\u00f6zparkhoz jutott, amivel gyakorlati tud\u00e1shoz juttathatja a j\u00f6v\u0151 5G-szakembereit.<\/p>\n\n\n\n<p>A k\u00fcsz\u00f6b\u00f6n \u00e1ll\u00f3 5G technol\u00f3gia m\u0171k\u00f6dtet\u00e9s\u00e9hez egyre t\u00f6bb friss tud\u00e1s\u00fa, szakter\u00fclete ir\u00e1nt elk\u00f6telezett szakemberre lesz sz\u00fcks\u00e9g. Ez\u00e9rt most k\u00fcl\u00f6n\u00f6sen j\u00f3 h\u00edr, hogy aki ezzel szeretne foglalkozni, annak m\u00e1r nem kell Miskolcn\u00e1l messzebb mennie.<\/p>\n\n\n\n<p>Az 5G elnevez\u00e9s az \u00d6t\u00f6dik Gener\u00e1ci\u00f3s Mobil H\u00e1l\u00f3zat r\u00f6vid\u00edt\u00e9se, \u00e9s egy \u00faj vezet\u00e9k n\u00e9lk\u00fcli adat\u00e1tviteli technol\u00f3gi\u00e1t takar. A jelenleg is haszn\u00e1latos 4G k\u00f6zvetlen ut\u00f3dj\u00e1nak sz\u00e1m\u00edt, annak tov\u00e1bbfejlesztett v\u00e1ltozata.<\/p>\n\n\n\n<p>Az 5G magasabb frekvenci\u00e1n m\u0171k\u00f6dik, ami azt jelenti, hogy s\u0171r\u0171bb ad\u00f3h\u00e1l\u00f3zatot ig\u00e9nyel, mint a kor\u00e1bban bevezetett, hasonl\u00f3 c\u00e9lra sz\u00e1nt elj\u00e1r\u00e1sok.<\/p>\n\n\n\n<p>Ez pedig azt jelenti, hogy nem haszn\u00e1lhat\u00f3 a r\u00e9gebben ki\u00e9p\u00edtett h\u00e1l\u00f3zatokon, hanem egy teljesen \u00faj rendszerre van sz\u00fcks\u00e9g a haszn\u00e1lat\u00e1hoz.<\/p>\n\n\n\n<p>R\u00e1ad\u00e1sul a kor\u00e1bbi, 4G-s eszk\u00f6z\u00f6k nem lesznek automatikusan kompatibilisek az \u00faj technol\u00f3gi\u00e1val.<\/p>\n\n\n\n<p>A Nemzeti M\u00e9dia \u00e9s H\u00edrk\u00f6zl\u00e9si Hat\u00f3s\u00e1g eln\u00f6ke szerint a labor egy \u00fajabb eszk\u00f6ze lehet a legend\u00e1s magyar kreativit\u00e1s kibontakoz\u00e1s\u00e1nak.<\/p>\n\n\n\n<p>Forr\u00e1s: https:\/\/nmhh.hu\/cikk\/214927\/Online_adta_at_az_5G_vizsgalata hoz_keszult_labort_az_NMHH_a_Miskolci_Egyetemnek<\/p>\n","protected":false},"excerpt":{"rendered":"<p>Az \u00fajgener\u00e1ci\u00f3s h\u00e1l\u00f3zatok modellez\u00e9s\u00e9t \u00e9s vizsg\u00e1lat\u00e1t seg\u00edti a Nemzeti M\u00e9dia- \u00e9s H\u00edrk\u00f6zl\u00e9si Hat\u00f3s\u00e1g h\u00edrk\u00f6zl\u00e9si laborja a Miskolci Egyetemen. A Nemzeti M\u00e9dia \u00e9s H\u00edrk\u00f6zl\u00e9si Hat\u00f3s\u00e1g eln\u00f6ke<\/p>\n","protected":false},"author":4,"featured_media":5829,"comment_status":"closed","ping_status":"closed","sticky":false,"template":"","format":"standard","meta":{"_mi_skip_tracking":false},"categories":[36,35,4,30,37,1,34,33],"tags":[210,209,40,158,110,264],"_links":{"self":[{"href":"https:\/\/deltanet.hu\/index.php\/wp-json\/wp\/v2\/posts\/5828"}],"collection":[{"href":"https:\/\/deltanet.hu\/index.php\/wp-json\/wp\/v2\/posts"}],"about":[{"href":"https:\/\/deltanet.hu\/index.php\/wp-json\/wp\/v2\/types\/post"}],"author":[{"embeddable":true,"href":"https:\/\/deltanet.hu\/index.php\/wp-json\/wp\/v2\/users\/4"}],"replies":[{"embeddable":true,"href":"https:\/\/deltanet.hu\/index.php\/wp-json\/wp\/v2\/comments?post=5828"}],"version-history":[{"count":1,"href":"https:\/\/deltanet.hu\/index.php\/wp-json\/wp\/v2\/posts\/5828\/revisions"}],"predecessor-version":[{"id":5830,"href":"https:\/\/deltanet.hu\/index.php\/wp-json\/wp\/v2\/posts\/5828\/revisions\/5830"}],"wp:featuredmedia":[{"embeddable":true,"href":"https:\/\/deltanet.hu\/index.php\/wp-json\/wp\/v2\/media\/5829"}],"wp:attachment":[{"href":"https:\/\/deltanet.hu\/index.php\/wp-json\/wp\/v2\/media?parent=5828"}],"wp:term":[{"taxonomy":"category","embeddable":true,"href":"https:\/\/deltanet.hu\/index.php\/wp-json\/wp\/v2\/categories?post=5828"},{"taxonomy":"post_tag","embeddable":true,"href":"https:\/\/deltanet.hu\/index.php\/wp-json\/wp\/v2\/tags?post=5828"}],"curies":[{"name":"wp","href":"https:\/\/api.w.org\/{rel}","templated":true}]}}