{"id":6146,"date":"2020-10-12T13:07:07","date_gmt":"2020-10-12T11:07:07","guid":{"rendered":"http:\/\/deltanet.hu\/?p=6146"},"modified":"2020-10-12T13:07:10","modified_gmt":"2020-10-12T11:07:10","slug":"eljarast-inditott-a-tiktok-ellen-a-gvh","status":"publish","type":"post","link":"https:\/\/deltanet.hu\/index.php\/eljarast-inditott-a-tiktok-ellen-a-gvh\/","title":{"rendered":"Elj\u00e1r\u00e1st ind\u00edtott a TikTok ellen a GVH"},"content":{"rendered":"\n<p>Vizsg\u00e1l\u00f3dik a Gazdas\u00e1gi Versenyhivatal a TikTok \u00fczemeltet\u0151j\u00e9vel szemben, mert szerint\u00fck a felhaszn\u00e1l\u00f3kat hi\u00e1nyosan \u00e9s megk\u00e9sve t\u00e1j\u00e9koztatt\u00e1k az \u0151ket \u00e9rint\u0151 dolgokr\u00f3l.<\/p>\n\n\n\n<p>A GVH indokl\u00e1sa szerint az\u00e9rt ind\u00edtott vizsg\u00e1latot a nagy sz\u00e1m\u00fa magyarorsz\u00e1gi felhaszn\u00e1l\u00f3val rendelkez\u0151, az Egyes\u00fclt \u00c1llamokban bejegyzett, k\u00ednai tulajdon\u00fa szolg\u00e1ltat\u00f3val szemben, mert azt val\u00f3sz\u00edn\u0171s\u00edti, hogy a v\u00e1llalkoz\u00e1s nem a j\u00f3hiszem\u0171s\u00e9g \u00e9s tisztess\u00e9g alapelv\u00e9nek megfelel\u0151en elv\u00e1rhat\u00f3 szakmai gondoss\u00e1ggal t\u00e1j\u00e9koz\u200btatja a fogyaszt\u00f3kat az online platform m\u0171k\u00f6d\u00e9s\u00e9re vonatkoz\u00f3 l\u00e9nyeges inform\u00e1ci\u00f3kr\u00f3l.<\/p>\n\n\n\n<p>Ide tartozik p\u00e9ld\u00e1ul a szolg\u00e1ltat\u00e1s ig\u00e9nybev\u00e9tele sor\u00e1n kezelt adatok k\u00f6re, valamint azok felhaszn\u00e1l\u00e1sa is.<\/p>\n\n\n\n<p>A hivatal szerint a jogs\u00e9rt\u00e9s gyan\u00faj\u00e1t veti fel az is, hogy az \u00fczemeltet\u0151 nem tette magyar nyelven hozz\u00e1f\u00e9rhet\u0151v\u00e9 a magyarorsz\u00e1gi, egy\u00e9bk\u00e9nt magyar nyelv\u0171 kereskedelmi kommunik\u00e1ci\u00f3ival megc\u00e9lzott fogyaszt\u00f3k sz\u00e1m\u00e1ra a platform m\u0171k\u00f6d\u00e9s\u00e9nek \u00e9s a TikTok haszn\u00e1lat\u00e1nak legfontosabb felt\u00e9teleire vonatkoz\u00f3 t\u00e1j\u00e9koztat\u00e1sokat.<\/p>\n\n\n\n<p>A versenyfel\u00fcgyeleti elj\u00e1r\u00e1s megind\u00edt\u00e1sa nem jelenti annak kimond\u00e1s\u00e1t, hogy a v\u00e1llalkoz\u00e1s a jogs\u00e9rt\u00e9st elk\u00f6vette.<\/p>\n\n\n\n<p>Az elj\u00e1r\u00e1s a t\u00e9nyek tiszt\u00e1z\u00e1s\u00e1ra \u00e9s ezen kereszt\u00fcl a felt\u00e9telezett jogs\u00e9rt\u00e9s bizony\u00edt\u00e1s\u00e1ra ir\u00e1nyul.<\/p>\n\n\n\n<p>Az elj\u00e1r\u00e1s lefolytat\u00e1sa h\u00e1rom h\u00f3nap, amely indokolt esetben k\u00e9t alkalommal, legfeljebb k\u00e9t h\u00f3nappal hosszabb\u00edthat\u00f3 meg.<\/p>\n\n\n\n<p>Vagyis legk\u00e9s\u0151bb 2021 \u00e1prilis\u00e1ra kider\u00fclhet, val\u00f3ban k\u00f6vetett-e el jogs\u00e9rt\u00e9st a TikTok.<\/p>\n\n\n\n<p>A Gazdas\u00e1gi Versenyhivatal nemr\u00e9g&nbsp;\u200b1,2 milli\u00e1rd forintos b\u00fcntet\u00e9st r\u00f3tt ki a Facebookra\u200b.&nbsp;\u200bA magyar hivatal szerint az amerikai v\u00e1llalat megt\u00e9veszti a felhaszn\u00e1l\u00f3kat.<\/p>\n\n\n\n<p>Forr\u00e1s: https:\/\/hvg.hu\/tudomany\/20201008_gazdasagi_versenyhivatal_ gvh_eljaras_tiktok<\/p>\n","protected":false},"excerpt":{"rendered":"<p>Vizsg\u00e1l\u00f3dik a Gazdas\u00e1gi Versenyhivatal a TikTok \u00fczemeltet\u0151j\u00e9vel szemben, mert szerint\u00fck a felhaszn\u00e1l\u00f3kat hi\u00e1nyosan \u00e9s megk\u00e9sve t\u00e1j\u00e9koztatt\u00e1k az \u0151ket \u00e9rint\u0151 dolgokr\u00f3l. A GVH indokl\u00e1sa szerint az\u00e9rt<\/p>\n","protected":false},"author":4,"featured_media":6147,"comment_status":"closed","ping_status":"closed","sticky":false,"template":"","format":"standard","meta":{"_mi_skip_tracking":false},"categories":[35,4,284,34,33],"tags":[328,181,330,40,329,99],"_links":{"self":[{"href":"https:\/\/deltanet.hu\/index.php\/wp-json\/wp\/v2\/posts\/6146"}],"collection":[{"href":"https:\/\/deltanet.hu\/index.php\/wp-json\/wp\/v2\/posts"}],"about":[{"href":"https:\/\/deltanet.hu\/index.php\/wp-json\/wp\/v2\/types\/post"}],"author":[{"embeddable":true,"href":"https:\/\/deltanet.hu\/index.php\/wp-json\/wp\/v2\/users\/4"}],"replies":[{"embeddable":true,"href":"https:\/\/deltanet.hu\/index.php\/wp-json\/wp\/v2\/comments?post=6146"}],"version-history":[{"count":1,"href":"https:\/\/deltanet.hu\/index.php\/wp-json\/wp\/v2\/posts\/6146\/revisions"}],"predecessor-version":[{"id":6148,"href":"https:\/\/deltanet.hu\/index.php\/wp-json\/wp\/v2\/posts\/6146\/revisions\/6148"}],"wp:featuredmedia":[{"embeddable":true,"href":"https:\/\/deltanet.hu\/index.php\/wp-json\/wp\/v2\/media\/6147"}],"wp:attachment":[{"href":"https:\/\/deltanet.hu\/index.php\/wp-json\/wp\/v2\/media?parent=6146"}],"wp:term":[{"taxonomy":"category","embeddable":true,"href":"https:\/\/deltanet.hu\/index.php\/wp-json\/wp\/v2\/categories?post=6146"},{"taxonomy":"post_tag","embeddable":true,"href":"https:\/\/deltanet.hu\/index.php\/wp-json\/wp\/v2\/tags?post=6146"}],"curies":[{"name":"wp","href":"https:\/\/api.w.org\/{rel}","templated":true}]}}