{"id":6311,"date":"2020-11-16T10:15:39","date_gmt":"2020-11-16T09:15:39","guid":{"rendered":"http:\/\/deltanet.hu\/?p=6311"},"modified":"2020-11-16T10:15:41","modified_gmt":"2020-11-16T09:15:41","slug":"az-internet-szabadsaga-a-koronavirus-alatt","status":"publish","type":"post","link":"https:\/\/deltanet.hu\/index.php\/az-internet-szabadsaga-a-koronavirus-alatt\/","title":{"rendered":"Az internet szabads\u00e1ga a koronav\u00edrus alatt"},"content":{"rendered":"\n<p>A COVID-19 alatt az online kapcsolattart\u00e1s nem csak kiv\u00e1lts\u00e1g, hanem sz\u00fcks\u00e9glet is.<\/p>\n\n\n\n<p>Egy amerikai civil szervezet \u201cA pand\u00e9mia digit\u00e1lis \u00e1rny\u00e9ka\u201d c\u00edmmel tette k\u00f6zz\u00e9 idei sajt\u00f3szabads\u00e1gr\u00f3l sz\u00f3l\u00f3 jelent\u00e9s\u00e9t, ami az internet f\u00fcggetlens\u00e9g\u00e9t \u00e9s szabads\u00e1g\u00e1t vizsg\u00e1lja.<\/p>\n\n\n\n<p>A 2019 j\u00fanius\u00e1t\u00f3l 2020 m\u00e1jus\u00e1ig terjed\u0151 vizsg\u00e1lati id\u0151szak nem megszokott kih\u00edv\u00e1sok el\u00e9 \u00e1ll\u00edtotta a jelent\u00e9sen dolgoz\u00f3 elemz\u0151ket, akik egy 100 pontos sk\u00e1la alapj\u00e1n \u00e9rt\u00e9kelt\u00e9k a vil\u00e1g orsz\u00e1gait online sajt\u00f3juk szabads\u00e1ga szempontj\u00e1b\u00f3l.<\/p>\n\n\n\n<p>H\u00e1rom l\u00e9nyeges jelens\u00e9get emeltek ki elemz\u00e9s\u00fck elej\u00e9n. El\u0151sz\u00f6r is, t\u00f6bb politikai szerepl\u0151 gyakran a v\u00edrus miatt el\u0151\u00e1llt helyzetet haszn\u00e1lta fel arra, hogy nagyobb kontrollt szerezzen az inform\u00e1ci\u00f3k \u00e1raml\u00e1sa felett.<\/p>\n\n\n\n<p>M\u00e1sodszor, a hat\u00f3s\u00e1gok nagyobb hatalmat kaptak a szem\u00e9lyes adatok megismer\u00e9s\u00e9ben.<\/p>\n\n\n\n<p>A harmadik jelens\u00e9g az online t\u00e9r \u00fagynevezett \u201csz\u00e9tt\u00f6redez\u00e9se\u201d: mivel minden \u00e1llam a saj\u00e1t d\u00f6nt\u00e9seivel reag\u00e1lt a vesz\u00e9lyhelyzetre \u00e9s ennek megfelel\u0151en szab\u00e1lyozta a t\u00e9nyk\u00f6zl\u00e9s folyamatait, az online t\u00e9r k\u00fcl\u00f6nb\u00f6z\u0151 szab\u00e1lyok alapj\u00e1n m\u0171k\u00f6d\u0151 r\u00e9szekre szakadt.<\/p>\n\n\n\n<p>B\u00e1r sok esetben bizonyos korl\u00e1tok m\u00e1r a j\u00e1rv\u00e1nyhelyzet el\u0151tt is l\u00e9teztek, a pand\u00e9mia alatt az internet feletti uralom \u00e9s a korl\u00e1toz\u00e1si szintek k\u00fcl\u00f6nbs\u00e9ge tov\u00e1bb s\u00falyosb\u00edtotta a nemzetek k\u00f6z\u00f6tti korl\u00e1tokat a virtu\u00e1lis t\u00e9rben.<\/p>\n\n\n\n<p>Magyarorsz\u00e1g id\u00e9n mind\u00f6ssze egy ponttal kapott kevesebbet a tavalyihoz k\u00e9pest, \u00edgy 71 ponttal z\u00e1rt, amivel m\u00e9g a \u201cszabad\u201d internettel rendelkez\u0151 orsz\u00e1gok k\u00f6z\u00e9 ker\u00fclt.<\/p>\n\n\n\n<p>A \u201cszabad\u201d min\u0151s\u00edt\u00e9s als\u00f3 hat\u00e1ra 70 pont. A koronav\u00edrus Magyarorsz\u00e1g el\u00e9 is nem v\u00e1rt akad\u00e1lyokat \u00e1ll\u00edtott: hatalmas probl\u00e9ma, hogy a t\u00e1voktat\u00e1sba \u00f6tb\u0151l egy tanul\u00f3 nem tudott bekapcsol\u00f3dni, mivel nem jutott megfelel\u0151 internetel\u00e9r\u00e9shez.<\/p>\n\n\n\n<p>Forr\u00e1s: https:\/\/mertek.atlatszo.hu\/az-internet-szabadsaga-a-koronaviru s-alatt\/<\/p>\n","protected":false},"excerpt":{"rendered":"<p>A COVID-19 alatt az online kapcsolattart\u00e1s nem csak kiv\u00e1lts\u00e1g, hanem sz\u00fcks\u00e9glet is. Egy amerikai civil szervezet \u201cA pand\u00e9mia digit\u00e1lis \u00e1rny\u00e9ka\u201d c\u00edmmel tette k\u00f6zz\u00e9 idei sajt\u00f3szabads\u00e1gr\u00f3l<\/p>\n","protected":false},"author":4,"featured_media":6312,"comment_status":"closed","ping_status":"closed","sticky":false,"template":"","format":"standard","meta":{"_mi_skip_tracking":false},"categories":[35,4,30,284,37,1,34,33],"tags":[40,291,88,446,163],"_links":{"self":[{"href":"https:\/\/deltanet.hu\/index.php\/wp-json\/wp\/v2\/posts\/6311"}],"collection":[{"href":"https:\/\/deltanet.hu\/index.php\/wp-json\/wp\/v2\/posts"}],"about":[{"href":"https:\/\/deltanet.hu\/index.php\/wp-json\/wp\/v2\/types\/post"}],"author":[{"embeddable":true,"href":"https:\/\/deltanet.hu\/index.php\/wp-json\/wp\/v2\/users\/4"}],"replies":[{"embeddable":true,"href":"https:\/\/deltanet.hu\/index.php\/wp-json\/wp\/v2\/comments?post=6311"}],"version-history":[{"count":1,"href":"https:\/\/deltanet.hu\/index.php\/wp-json\/wp\/v2\/posts\/6311\/revisions"}],"predecessor-version":[{"id":6313,"href":"https:\/\/deltanet.hu\/index.php\/wp-json\/wp\/v2\/posts\/6311\/revisions\/6313"}],"wp:featuredmedia":[{"embeddable":true,"href":"https:\/\/deltanet.hu\/index.php\/wp-json\/wp\/v2\/media\/6312"}],"wp:attachment":[{"href":"https:\/\/deltanet.hu\/index.php\/wp-json\/wp\/v2\/media?parent=6311"}],"wp:term":[{"taxonomy":"category","embeddable":true,"href":"https:\/\/deltanet.hu\/index.php\/wp-json\/wp\/v2\/categories?post=6311"},{"taxonomy":"post_tag","embeddable":true,"href":"https:\/\/deltanet.hu\/index.php\/wp-json\/wp\/v2\/tags?post=6311"}],"curies":[{"name":"wp","href":"https:\/\/api.w.org\/{rel}","templated":true}]}}