{"id":6314,"date":"2020-11-16T10:19:02","date_gmt":"2020-11-16T09:19:02","guid":{"rendered":"http:\/\/deltanet.hu\/?p=6314"},"modified":"2020-11-16T10:19:05","modified_gmt":"2020-11-16T09:19:05","slug":"mar-a-6g-t-is-tesztelik","status":"publish","type":"post","link":"https:\/\/deltanet.hu\/index.php\/mar-a-6g-t-is-tesztelik\/","title":{"rendered":"M\u00e1r a 6G-t is tesztelik"},"content":{"rendered":"\n<p>Els\u0151 k\u00f6rben a haszn\u00e1lni k\u00edv\u00e1nt frekvenci\u00e1k tulajdons\u00e1gait vizsg\u00e1lj\u00e1k a kutat\u00f3k. A mobiloz\u00f3k oroszl\u00e1nr\u00e9sze ugyan m\u00e9g az 5G-s h\u00e1l\u00f3zatokr\u00f3l is csak h\u00edrb\u0151l hallott, \u00e1m a fejl\u0151d\u00e9s nem \u00e1ll meg, m\u00e1ris g\u0151zer\u0151vel folyik vil\u00e1gszerte a hatodik gener\u00e1ci\u00f3s mobilh\u00e1l\u00f3zatok fejleszt\u00e9se.<\/p>\n\n\n\n<p>K\u00edna most m\u00e9rf\u00f6ldk\u0151h\u00f6z \u00e9rt, \u00e1ll\u00edt\u00e1sa szerint&nbsp;\u200bfell\u0151tte a vil\u00e1g\u0171rbe az els\u0151 6G tesztel\u00e9s\u00e9re kital\u00e1lt m\u0171holdat.<\/p>\n\n\n\n<p>A t\u00f6bbs\u00e9g sz\u00e1m\u00e1ra val\u00f3sz\u00edn\u0171leg nem mag\u00e1t\u00f3l \u00e9rtet\u0151d\u0151, hogy a f\u00f6ldfelsz\u00ednen haszn\u00e1lni k\u00edv\u00e1nt mobilh\u00e1l\u00f3zati technol\u00f3gi\u00e1t mi\u00e9rt az \u0171rben tesztelik.<\/p>\n\n\n\n<p>A m\u0171hold val\u00f3j\u00e1ban nem rendelkezik semmif\u00e9le konkr\u00e9tan 6G-s berendez\u00e9ssel: puszt\u00e1n a terahertzes r\u00e1di\u00f3spektrum tulajdons\u00e1gait vizsg\u00e1lja, a rem\u00e9nyek szerint a k\u00f6vetkez\u0151 gener\u00e1ci\u00f3s h\u00e1l\u00f3zatok ilyen frekvenci\u00e1kon kommunik\u00e1lnak majd.<\/p>\n\n\n\n<p>Amennyiben igazak a tesztelt frekvenci\u00e1kr\u00f3l kialakult elm\u00e9letek, akkor a 6G-s h\u00e1l\u00f3zatok sebess\u00e9g \u00e9s kapacit\u00e1s tekintet\u00e9ben is \u00f3ri\u00e1si el\u0151rel\u00e9p\u00e9st jelenthetnek az 5G-hez k\u00e9pest (temp\u00f3ban tal\u00e1n sz\u00e1zszor is gyorsabbnak bizonyulhatnak), plusz az ad\u00f3vev\u0151 eszk\u00f6z\u00f6k fogyaszt\u00e1s\u00e1t is cs\u00f6kkentheti a spektrum haszn\u00e1lata.<\/p>\n\n\n\n<p>K\u00edn\u00e1n k\u00edv\u00fcl Eur\u00f3p\u00e1ban \u00e9s \u00c9szak-Amerik\u00e1ban is futnak a frekvenci\u00e1k tesztel\u00e9s\u00e9vel kapcsolatos projektek.<\/p>\n\n\n\n<p>A szak\u00e9rt\u0151k szerint ha minden j\u00f3l megy, akkor a 6G szabv\u00e1ny 2028-ban v\u00e9glegesedhet, az els\u0151 kompatibilis mobilh\u00e1l\u00f3zatok pedig 2030-ban \u00e1llhatnak szolg\u00e1latba.<\/p>\n\n\n\n<p>\u00c1m a 6G megval\u00f3sul\u00e1s\u00e1hoz komoly el\u0151rel\u00e9p\u00e9s sz\u00fcks\u00e9ges teljes\u00edtm\u00e9ny, architekt\u00fara \u00e9s megb\u00edzhat\u00f3s\u00e1g ter\u00e9n is. A fejleszt\u00e9sekhez 1000 gigabit per szekundum adat\u00e1tviteli sebess\u00e9g el\u00e9r\u00e9se sz\u00fcks\u00e9ges, ami nagyj\u00e1b\u00f3l \u00f6tvenszerese az 5G sebess\u00e9g\u00e9nek, mik\u00f6zben a k\u00e9sleltet\u00e9s 100 mikroszekundum al\u00e1 kell ker\u00fclj\u00f6n.<\/p>\n\n\n\n<p>Forr\u00e1s: https:\/\/www.origo.hu\/techbazis\/20201109-kina-6g-ur-muhold-te szteles.html<\/p>\n","protected":false},"excerpt":{"rendered":"<p>Els\u0151 k\u00f6rben a haszn\u00e1lni k\u00edv\u00e1nt frekvenci\u00e1k tulajdons\u00e1gait vizsg\u00e1lj\u00e1k a kutat\u00f3k. A mobiloz\u00f3k oroszl\u00e1nr\u00e9sze ugyan m\u00e9g az 5G-s h\u00e1l\u00f3zatokr\u00f3l is csak h\u00edrb\u0151l hallott, \u00e1m a fejl\u0151d\u00e9s<\/p>\n","protected":false},"author":4,"featured_media":6315,"comment_status":"closed","ping_status":"closed","sticky":false,"template":"","format":"standard","meta":{"_mi_skip_tracking":false},"categories":[35,4,30,284,37,1,34,33],"tags":[451,209,447,448,220,449,40,88,182,450],"_links":{"self":[{"href":"https:\/\/deltanet.hu\/index.php\/wp-json\/wp\/v2\/posts\/6314"}],"collection":[{"href":"https:\/\/deltanet.hu\/index.php\/wp-json\/wp\/v2\/posts"}],"about":[{"href":"https:\/\/deltanet.hu\/index.php\/wp-json\/wp\/v2\/types\/post"}],"author":[{"embeddable":true,"href":"https:\/\/deltanet.hu\/index.php\/wp-json\/wp\/v2\/users\/4"}],"replies":[{"embeddable":true,"href":"https:\/\/deltanet.hu\/index.php\/wp-json\/wp\/v2\/comments?post=6314"}],"version-history":[{"count":1,"href":"https:\/\/deltanet.hu\/index.php\/wp-json\/wp\/v2\/posts\/6314\/revisions"}],"predecessor-version":[{"id":6316,"href":"https:\/\/deltanet.hu\/index.php\/wp-json\/wp\/v2\/posts\/6314\/revisions\/6316"}],"wp:featuredmedia":[{"embeddable":true,"href":"https:\/\/deltanet.hu\/index.php\/wp-json\/wp\/v2\/media\/6315"}],"wp:attachment":[{"href":"https:\/\/deltanet.hu\/index.php\/wp-json\/wp\/v2\/media?parent=6314"}],"wp:term":[{"taxonomy":"category","embeddable":true,"href":"https:\/\/deltanet.hu\/index.php\/wp-json\/wp\/v2\/categories?post=6314"},{"taxonomy":"post_tag","embeddable":true,"href":"https:\/\/deltanet.hu\/index.php\/wp-json\/wp\/v2\/tags?post=6314"}],"curies":[{"name":"wp","href":"https:\/\/api.w.org\/{rel}","templated":true}]}}