{"id":6317,"date":"2020-11-16T11:07:30","date_gmt":"2020-11-16T10:07:30","guid":{"rendered":"http:\/\/deltanet.hu\/?p=6317"},"modified":"2020-11-16T11:07:32","modified_gmt":"2020-11-16T10:07:32","slug":"internetes-nyelvhasznalat-napjainkban","status":"publish","type":"post","link":"https:\/\/deltanet.hu\/index.php\/internetes-nyelvhasznalat-napjainkban\/","title":{"rendered":"Internetes nyelvhaszn\u00e1lat napjainkban"},"content":{"rendered":"\n<p>Az ut\u00f3bbi mintegy k\u00e9t \u00e9vtizedben a tudom\u00e1nyos irodalma is vir\u00e1gba borult az internetes nyelvhaszn\u00e1lat t\u00e9m\u00e1j\u00e1nak; felm\u00e9r\u00e9sek szintj\u00e9n is t\u00f6bben vizsg\u00e1lt\u00e1k a szok\u00e1sokat.<\/p>\n\n\n\n<p>Egy 2012-ben, ezer internethaszn\u00e1l\u00f3 k\u00f6r\u00e9ben v\u00e9gzett kutat\u00e1s\u00e1nak eredm\u00e9nye, hogy a hazai internetes t\u00e1rsadalom t\u00falnyom\u00f3 t\u00f6bbs\u00e9g\u00e9nek fontos a helyes\u00edr\u00e1s, \u00e9s minden m\u00e1sodik netez\u0151 \u00fagy gondolja, teljes m\u00e9rt\u00e9kben illik r\u00e1 az az \u00e1ll\u00edt\u00e1s, hogy helyesen \u00edr.<\/p>\n\n\n\n<p>Mind\u00f6ssze 4-5 sz\u00e1zal\u00e9k tartja mag\u00e1t gyeng\u00e9nek ezen a t\u00e9ren. A neten \u00edr\u00e1sban rendszeresen megnyilv\u00e1nul\u00f3k csup\u00e1n 4 sz\u00e1zal\u00e9k\u00e1ra igaz az, hogy nem t\u00f6r\u0151dik azzal, milyen helyes\u00edr\u00e1s\u00fa sz\u00f6veget hagy maga ut\u00e1n.<\/p>\n\n\n\n<p>\u00dagy t\u0171nik, k\u00f6zponti (\u00e9s cs\u00f6ppet sem egyszer\u0171) k\u00e9rd\u00e9s az anyanyelv sorsa ir\u00e1nt \u00e9rdekl\u0151d\u0151k el\u0151tt, hogy romlik-e a helyes\u00edr\u00e1si kult\u00fara az internetes kommunik\u00e1ci\u00f3 hat\u00e1s\u00e1ra.<\/p>\n\n\n\n<p>\u00c9szlelhet\u0151 egyfajta k\u00f6zv\u00e9leked\u00e9s, amely szerint igen, persze, romlik. A nyelv\u00e9sz kutat\u00f3k k\u00f6z\u00fcl sokan ilyenkor nem roml\u00e1sr\u00f3l, hanem v\u00e1ltoz\u00e1sr\u00f3l besz\u00e9lnek, ann\u00e1l is ink\u00e1bb, mivel az internetes kommunik\u00e1ci\u00f3, csak\u00fagy, mint a szleng vagy a di\u00e1knyelvi st\u00edlus, \u00faj form\u00e1kat, \u00faj szok\u00e1sokat, gyakran kreat\u00edv, szellemes, stilisztikailag \u00e9rv\u00e9nyes fog\u00e1sokat hoz l\u00e9tre.<\/p>\n\n\n\n<p>\u00c9s persze az, hogy roml\u00e1sr\u00f3l besz\u00e9l\u00fcnk-e, vagy v\u00e1ltoz\u00e1sr\u00f3l, gyakran szeml\u00e9letbeli k\u00e9rd\u00e9s, \u00e9s ki-ki\u00fajul\u00f3 vit\u00e1kat eredm\u00e9nyez az anyanyelvvel foglalkoz\u00f3k k\u00f6z\u00f6tt.<\/p>\n\n\n\n<p>Egy netnyelv\u00e9sz \u00fagy v\u00e9li: a gyenge nyelvi kompetenci\u00e1val rendelkez\u0151kre val\u00f3ban er\u0151teljesebben hat a hagyom\u00e1nyos \u00edr\u00e1sbeli norm\u00e1nak az interneten megfigyelhet\u0151 fellazul\u00e1sa.<\/p>\n\n\n\n<p>\u00c9rtelemszer\u0171en \u0151k els\u0151sorban az iskol\u00e1sok k\u00f6z\u00fcl ker\u00fclnek ki: az a r\u00e9teg, amelyik a legintenz\u00edvebben haszn\u00e1lja az internet interakt\u00edv m\u0171fajait, a saj\u00e1t megfogalmaz\u00e1sa szerint az\u00e9rt szereti az internetet, mert nem kell a helyes\u00edr\u00e1sra odafigyelni\u200b.<\/p>\n\n\n\n<p>Forr\u00e1s: https:\/\/haon.hu\/kultura\/helyi-kultura\/romlik-e-a-nyelv-az-internet en-vagy-csupan-valtozik-4506328\/#<\/p>\n","protected":false},"excerpt":{"rendered":"<p>Az ut\u00f3bbi mintegy k\u00e9t \u00e9vtizedben a tudom\u00e1nyos irodalma is vir\u00e1gba borult az internetes nyelvhaszn\u00e1lat t\u00e9m\u00e1j\u00e1nak; felm\u00e9r\u00e9sek szintj\u00e9n is t\u00f6bben vizsg\u00e1lt\u00e1k a szok\u00e1sokat. Egy 2012-ben, ezer<\/p>\n","protected":false},"author":4,"featured_media":6318,"comment_status":"closed","ping_status":"closed","sticky":false,"template":"","format":"standard","meta":{"_mi_skip_tracking":false},"categories":[35,4,30,284,37,1,34,33],"tags":[40,453,219,452],"_links":{"self":[{"href":"https:\/\/deltanet.hu\/index.php\/wp-json\/wp\/v2\/posts\/6317"}],"collection":[{"href":"https:\/\/deltanet.hu\/index.php\/wp-json\/wp\/v2\/posts"}],"about":[{"href":"https:\/\/deltanet.hu\/index.php\/wp-json\/wp\/v2\/types\/post"}],"author":[{"embeddable":true,"href":"https:\/\/deltanet.hu\/index.php\/wp-json\/wp\/v2\/users\/4"}],"replies":[{"embeddable":true,"href":"https:\/\/deltanet.hu\/index.php\/wp-json\/wp\/v2\/comments?post=6317"}],"version-history":[{"count":1,"href":"https:\/\/deltanet.hu\/index.php\/wp-json\/wp\/v2\/posts\/6317\/revisions"}],"predecessor-version":[{"id":6319,"href":"https:\/\/deltanet.hu\/index.php\/wp-json\/wp\/v2\/posts\/6317\/revisions\/6319"}],"wp:featuredmedia":[{"embeddable":true,"href":"https:\/\/deltanet.hu\/index.php\/wp-json\/wp\/v2\/media\/6318"}],"wp:attachment":[{"href":"https:\/\/deltanet.hu\/index.php\/wp-json\/wp\/v2\/media?parent=6317"}],"wp:term":[{"taxonomy":"category","embeddable":true,"href":"https:\/\/deltanet.hu\/index.php\/wp-json\/wp\/v2\/categories?post=6317"},{"taxonomy":"post_tag","embeddable":true,"href":"https:\/\/deltanet.hu\/index.php\/wp-json\/wp\/v2\/tags?post=6317"}],"curies":[{"name":"wp","href":"https:\/\/api.w.org\/{rel}","templated":true}]}}