{"id":6357,"date":"2020-11-23T12:11:18","date_gmt":"2020-11-23T11:11:18","guid":{"rendered":"http:\/\/deltanet.hu\/?p=6357"},"modified":"2020-11-23T12:11:20","modified_gmt":"2020-11-23T11:11:20","slug":"kinek-es-mikor-jar-az-ingyen-net","status":"publish","type":"post","link":"https:\/\/deltanet.hu\/index.php\/kinek-es-mikor-jar-az-ingyen-net\/","title":{"rendered":"Kinek \u00e9s mikor j\u00e1r az ingyen net?"},"content":{"rendered":"\n<p>Kinek j\u00e1r az ingyenes internet? A korm\u00e1nyrendelet \u00e9rtelm\u00e9ben az ingyeness\u00e9g a &#8220;tantermen k\u00edv\u00fcli, digit\u00e1lis munkarendben m\u0171k\u00f6d\u0151 k\u00f6z\u00e9pfok\u00fa iskol\u00e1val fenn\u00e1ll\u00f3 jogviszonyra tekintettel&#8221; j\u00e1r az iskola di\u00e1kjainak \u00e9s pedag\u00f3gusainak.<\/p>\n\n\n\n<p>H\u00e1ny napra j\u00e1r az ingyenes internet? 30 napos ingyeness\u00e9g k\u00e9rhet\u0151, de van egy csavar: A szolg\u00e1ltat\u00f3 a kedvezm\u00e9nyt a december h\u00f3napban ki\u00e1ll\u00edt\u00e1sra ker\u00fcl\u0151 sz\u00e1ml\u00e1n \u00edrja j\u00f3v\u00e1, azaz a k\u00e9relmet a szolg\u00e1ltat\u00f3k sz\u00e1mlaz\u00e1r\u00e1si ciklus\u00e1t\u00f3l f\u00fcgg\u0151en er\u0151sen aj\u00e1nlott m\u00e9g novemberben beadni.<\/p>\n\n\n\n<p>Mobilnetre is k\u00e9rhet\u0151 ingyeness\u00e9g? Nem, a korm\u00e1nyrendelet szerint a kedvezm\u00e9nyes id\u0151szak csak helyhez k\u00f6t\u00f6tt internet-hozz\u00e1f\u00e9r\u00e9si szolg\u00e1ltat\u00e1sra vehet\u0151 ig\u00e9nybe.<\/p>\n\n\n\n<p>Alb\u00e9rletben lak\u00f3, k\u00f6z\u00e9pfok\u00fa int\u00e9zm\u00e9nyben tan\u00edt\u00f3 pedag\u00f3gus vagyok. Nekem j\u00e1r kedvezm\u00e9ny? A korm\u00e1nyrendelet \u00e9rtelm\u00e9ben az is k\u00e9rheti a kedvezm\u00e9nyt, akinek az el\u0151fizet\u00e9s\u00e9t a jogosult erre jogos\u00edt\u00f3 jogc\u00edm alapj\u00e1n haszn\u00e1lja. Vagyis egy alb\u00e9rlet eset\u00e9ben a f\u0151b\u00e9rl\u0151nek kell ig\u00e9nyelnie a kedvezm\u00e9nyt. Hasonl\u00f3an kell elj\u00e1rni akkor, ha a jogosult egy k\u00f6z\u00e9pfok\u00fa int\u00e9zm\u00e9nyben tanul\u00f3 di\u00e1k, aki t\u00f6rv\u00e9nyes k\u00e9pvisel\u0151j\u00e9vel\/k\u00e9pvisel\u0151ivel egy\u00fctt alb\u00e9rletben lakik.<\/p>\n\n\n\n<p>Nincs vezet\u00e9kes netem a tart\u00f3zkod\u00e1si helyemen, \u00faj el\u0151fizet\u0151i szerz\u0151d\u00e9s megk\u00f6t\u00e9s\u00e9vel egy\u00fctt ig\u00e9nyelhetem a kedvezm\u00e9nyt? A kedvezm\u00e9ny \u00faj \u00e9s megl\u00e9v\u0151 el\u0151fizet\u0151i szerz\u0151d\u00e9s eset\u00e9n is ig\u00e9nybe vehet\u0151.<\/p>\n\n\n\n<p>K\u00e9rhet-e a szolg\u00e1ltat\u00f3 b\u00e1rmilyen jogosults\u00e1gi igazol\u00e1st t\u0151lem az ingyenes id\u0151szak biztos\u00edt\u00e1s\u00e1hoz? A korm\u00e1nyrendelet nem tartalmaz ilyen el\u0151\u00edr\u00e1st, az ig\u00e9nyl\u00e9s sor\u00e1n azonban b\u00fcntet\u0151jogi felel\u0151ss\u00e9g terheli a nyilatkozattev\u0151t.<\/p>\n\n\n\n<p>Milyen form\u00e1tumban adhat\u00f3 be az ig\u00e9nyl\u00e9s? A korm\u00e1nyrendelet ennek a kereteit nem hat\u00e1rozza meg, annyi szerepel benne, hogy &#8220;lehet\u0151s\u00e9g szerint elektronikus \u00faton&#8221; kell ig\u00e9nyelni az ingyeness\u00e9get a szolg\u00e1ltat\u00f3kn\u00e1l.<\/p>\n\n\n\n<p>Forr\u00e1s: https:\/\/www.hwsw.hu\/hirek\/62545\/internet-covid19-ingyenesseg -kormanyrendelet-vezetekes-faq.html<\/p>\n","protected":false},"excerpt":{"rendered":"<p>Kinek j\u00e1r az ingyenes internet? A korm\u00e1nyrendelet \u00e9rtelm\u00e9ben az ingyeness\u00e9g a &#8220;tantermen k\u00edv\u00fcli, digit\u00e1lis munkarendben m\u0171k\u00f6d\u0151 k\u00f6z\u00e9pfok\u00fa iskol\u00e1val fenn\u00e1ll\u00f3 jogviszonyra tekintettel&#8221; j\u00e1r az iskola di\u00e1kjainak<\/p>\n","protected":false},"author":4,"featured_media":6358,"comment_status":"closed","ping_status":"closed","sticky":false,"template":"","format":"standard","meta":{"_mi_skip_tracking":false},"categories":[35,4,30,284,37,1,34,33],"tags":[463,353,193,40,289,88,219,241],"_links":{"self":[{"href":"https:\/\/deltanet.hu\/index.php\/wp-json\/wp\/v2\/posts\/6357"}],"collection":[{"href":"https:\/\/deltanet.hu\/index.php\/wp-json\/wp\/v2\/posts"}],"about":[{"href":"https:\/\/deltanet.hu\/index.php\/wp-json\/wp\/v2\/types\/post"}],"author":[{"embeddable":true,"href":"https:\/\/deltanet.hu\/index.php\/wp-json\/wp\/v2\/users\/4"}],"replies":[{"embeddable":true,"href":"https:\/\/deltanet.hu\/index.php\/wp-json\/wp\/v2\/comments?post=6357"}],"version-history":[{"count":1,"href":"https:\/\/deltanet.hu\/index.php\/wp-json\/wp\/v2\/posts\/6357\/revisions"}],"predecessor-version":[{"id":6359,"href":"https:\/\/deltanet.hu\/index.php\/wp-json\/wp\/v2\/posts\/6357\/revisions\/6359"}],"wp:featuredmedia":[{"embeddable":true,"href":"https:\/\/deltanet.hu\/index.php\/wp-json\/wp\/v2\/media\/6358"}],"wp:attachment":[{"href":"https:\/\/deltanet.hu\/index.php\/wp-json\/wp\/v2\/media?parent=6357"}],"wp:term":[{"taxonomy":"category","embeddable":true,"href":"https:\/\/deltanet.hu\/index.php\/wp-json\/wp\/v2\/categories?post=6357"},{"taxonomy":"post_tag","embeddable":true,"href":"https:\/\/deltanet.hu\/index.php\/wp-json\/wp\/v2\/tags?post=6357"}],"curies":[{"name":"wp","href":"https:\/\/api.w.org\/{rel}","templated":true}]}}