{"id":7124,"date":"2021-01-26T10:10:28","date_gmt":"2021-01-26T09:10:28","guid":{"rendered":"http:\/\/deltanet.hu\/?p=7124"},"modified":"2021-01-26T10:10:31","modified_gmt":"2021-01-26T09:10:31","slug":"internet-nelkul-megallna-az-elet","status":"publish","type":"post","link":"https:\/\/deltanet.hu\/index.php\/internet-nelkul-megallna-az-elet\/","title":{"rendered":"Internet n\u00e9lk\u00fcl meg\u00e1llna az \u00e9let"},"content":{"rendered":"\n<p>Az internet t\u00f6rt\u00e9nelm\u00e9ben a 2020-as \u00e9v biztosan m\u00e9rf\u00f6ldk\u00f6vet jelent, hiszen ez az \u00e9v mutatott r\u00e1 arra, hogy val\u00f3j\u00e1ban elemi sz\u00fcks\u00e9glet\u00fcnk lett a 21. sz\u00e1zadban a vil\u00e1gh\u00e1l\u00f3.<\/p>\n\n\n\n<p>A h\u00e9tk\u00f6znapi ember a saj\u00e1t b\u0151r\u00e9n tapasztalhatta meg, hogy az internet hi\u00e1nya nem csak a sz\u00f3rakoz\u00e1s\u00e1ban akad\u00e1lyozza, de a munkav\u00e9gz\u00e9st is lehetetlenn\u00e9 teszi. Azt is l\u00e1thattuk, hogy a megb\u00edzhat\u00f3 \u200binternet val\u00f3di \u00e9rt\u00e9ket jelent mind a lakoss\u00e1gnak, mind pedig az \u00fczleti \u00e9let szerepl\u0151inek.<\/p>\n\n\n\n<p>A hirtelen megv\u00e1ltozott szok\u00e1sok \u00e9s piaci folyamatok egy c\u00e9g \u00e9let\u00e9ben rengeteg kih\u00edv\u00e1st rejtenek. A magyar t\u00e1vk\u00f6zl\u00e9si v\u00e1llalkoz\u00e1soknak is komoly feladatot jelentett a megn\u00f6vekedett ig\u00e9nyekre, forgalomra, az eszk\u00f6zbesz\u00e1ll\u00edt\u00e1s lassul\u00e1s\u00e1ra azonnal, \u00e9s rugalmasan reag\u00e1lni. Mivel rengetegen k\u00e9nyszer\u00fcltek home office-ba, \u00edgy \u00e9rthet\u0151 m\u00f3don a lakoss\u00e1gi internet csomagok ir\u00e1ny\u00e1ba is megn\u00f6vekedett a kereslet.<\/p>\n\n\n\n<p>Emellett az online oktat\u00e1s bevezet\u00e9se is megn\u00f6velte a h\u00e1ztart\u00e1sok online jelenl\u00e9t\u00e9t. A 2019-2020-as \u00e9vben 1,8 milli\u00f3an vettek r\u00e9szt az oktat\u00e1sban, \u00edgy az internet megl\u00e9te az otthonokban is alapsz\u00fcks\u00e9glett\u00e9 v\u00e1lt.<\/p>\n\n\n\n<p>Mivel azonban a tan\u00f3r\u00e1k sok esetben vide\u00f3konferenciak\u00e9nt ker\u00fcltek megtart\u00e1sra, az internet min\u0151s\u00e9ge is meghat\u00e1roz\u00f3 lett. Az internetszolg\u00e1ltat\u00f3k sz\u00e1m\u00e1ra a legnagyobb kih\u00edv\u00e1st az jelentette, hogy megn\u00f6vekedett adatforgalom mellett is stabil kapcsolatot tudjanak biztos\u00edtani \u00fcgyfeleiknek.<\/p>\n\n\n\n<p>Ezek alapj\u00e1n 2020 t\u00e9nyleg fordul\u00f3pontot jelenthet az internet t\u00f6rt\u00e9net\u00e9ben, hiszen minden felhaszn\u00e1l\u00f3t r\u00e1k\u00e9nyszer\u00edtett a gyakorlatias haszn\u00e1latra, megmutatkozott az \u00e1tlagember sz\u00e1m\u00e1ra is, hogy a sz\u00f3rakoz\u00e1son k\u00edv\u00fcl mennyi lehet\u0151s\u00e9g rejlik a vil\u00e1gh\u00e1l\u00f3ban. A j\u00e1rv\u00e1ny els\u0151 hull\u00e1ma sok bizonytalans\u00e1got hozott, azonban a lakoss\u00e1g internetig\u00e9nye hirtelen megn\u0151tt, mely ezt k\u00f6vet\u0151en mindezid\u00e1ig sem cs\u00f6kkent.<\/p>\n\n\n\n<p>Forr\u00e1s: https:\/\/www.dehir.hu\/gazdasag\/2020-az-ev-amikor-rajottunk-h ogy-internet-nelkul-tenyleg-megallna-az-elet\/2021\/01\/22\/<\/p>\n","protected":false},"excerpt":{"rendered":"<p>Az internet t\u00f6rt\u00e9nelm\u00e9ben a 2020-as \u00e9v biztosan m\u00e9rf\u00f6ldk\u00f6vet jelent, hiszen ez az \u00e9v mutatott r\u00e1 arra, hogy val\u00f3j\u00e1ban elemi sz\u00fcks\u00e9glet\u00fcnk lett a 21. sz\u00e1zadban a<\/p>\n","protected":false},"author":4,"featured_media":7125,"comment_status":"closed","ping_status":"closed","sticky":false,"template":"","format":"standard","meta":{"_mi_skip_tracking":false},"categories":[35,4,30,284,37,1,34,33],"tags":[62,353,193,383,40,636,404,635,387,634,533,85,135],"_links":{"self":[{"href":"https:\/\/deltanet.hu\/index.php\/wp-json\/wp\/v2\/posts\/7124"}],"collection":[{"href":"https:\/\/deltanet.hu\/index.php\/wp-json\/wp\/v2\/posts"}],"about":[{"href":"https:\/\/deltanet.hu\/index.php\/wp-json\/wp\/v2\/types\/post"}],"author":[{"embeddable":true,"href":"https:\/\/deltanet.hu\/index.php\/wp-json\/wp\/v2\/users\/4"}],"replies":[{"embeddable":true,"href":"https:\/\/deltanet.hu\/index.php\/wp-json\/wp\/v2\/comments?post=7124"}],"version-history":[{"count":1,"href":"https:\/\/deltanet.hu\/index.php\/wp-json\/wp\/v2\/posts\/7124\/revisions"}],"predecessor-version":[{"id":7126,"href":"https:\/\/deltanet.hu\/index.php\/wp-json\/wp\/v2\/posts\/7124\/revisions\/7126"}],"wp:featuredmedia":[{"embeddable":true,"href":"https:\/\/deltanet.hu\/index.php\/wp-json\/wp\/v2\/media\/7125"}],"wp:attachment":[{"href":"https:\/\/deltanet.hu\/index.php\/wp-json\/wp\/v2\/media?parent=7124"}],"wp:term":[{"taxonomy":"category","embeddable":true,"href":"https:\/\/deltanet.hu\/index.php\/wp-json\/wp\/v2\/categories?post=7124"},{"taxonomy":"post_tag","embeddable":true,"href":"https:\/\/deltanet.hu\/index.php\/wp-json\/wp\/v2\/tags?post=7124"}],"curies":[{"name":"wp","href":"https:\/\/api.w.org\/{rel}","templated":true}]}}