{"id":7563,"date":"2021-04-19T08:39:09","date_gmt":"2021-04-19T06:39:09","guid":{"rendered":"http:\/\/deltanet.hu\/?p=7563"},"modified":"2021-04-19T08:47:23","modified_gmt":"2021-04-19T06:47:23","slug":"miert-jo-a-mikrohullamu-internet","status":"publish","type":"post","link":"https:\/\/deltanet.hu\/index.php\/miert-jo-a-mikrohullamu-internet\/","title":{"rendered":"Mi\u00e9rt j\u00f3 a mikrohull\u00e1m\u00fa internet?"},"content":{"rendered":"\n<p>Az internet t\u00f6rt\u00e9nelm\u00e9ben a 2020-as \u00e9v biztosan m\u00e9rf\u00f6ldk\u00f6vet jelent, hiszen ez az \u00e9v mutatott r\u00e1 arra, hogy val\u00f3j\u00e1ban elemi sz\u00fcks\u00e9glet\u00fcnk lett a 21. sz\u00e1zadban a vil\u00e1gh\u00e1l\u00f3, de vajon melyik internet szolg\u00e1ltat\u00e1s a legink\u00e1bb nek\u00fcnk val\u00f3?<\/p>\n\n\n\n<p>A mikrohull\u00e1m\u00fa internet, &#8211; benne van nev\u00e9ben &#8211; mikrohull\u00e1m\u00fa r\u00e1di\u00f3jelek haszn\u00e1lat\u00e1nak seg\u00edts\u00e9g\u00e9vel teszi lehet\u0151v\u00e9 a sz\u00e9less\u00e1v\u00fa internet haszn\u00e1latot az ad\u00f3tornyok \u00e1ltal lefedett ter\u00fcleten, a lakoss\u00e1g \u00e9s az \u00fczleti \u00e9let szerepl\u0151inek.<\/p>\n\n\n\n<p>A mikrohull\u00e1m\u00fa internet technol\u00f3gia el\u0151nye, hogy mivel vezet\u00e9k h\u00e1l\u00f3zatot nem ig\u00e9nyel, \u00edgy olyan el\u0151fizet\u0151k sz\u00e1m\u00e1ra is el\u00e9rhet\u0151v\u00e9 v\u00e1lik az internetet, ahol nincs k\u00e1belrendszer ki\u00e9p\u00edtetts\u00e9g. Term\u00e9szetesen ehhez is sz\u00fcks\u00e9ges egy komoly h\u00e1tt\u00e9r gerinch\u00e1l\u00f3zat megl\u00e9te az ell\u00e1tand\u00f3 ter\u00fclet.<\/p>\n\n\n\n<p>Ezen tulajdons\u00e1ga miatt k\u00fclteretre, a v\u00e1rost\u00f3l t\u00e1vol es\u0151 tany\u00e1kra is k\u00e9pes id\u0151ben \u00e9s adatmennyis\u00e9gben korl\u00e1tlan, szupergyors internetet biztos\u00edtani.<\/p>\n\n\n\n<p>Gyors telep\u00edthet\u0151s\u00e9ge \u00e9s korl\u00e1tlans\u00e1ga miatt versenyk\u00e9pes alternat\u00edv\u00e1t k\u00edn\u00e1l a vezet\u00e9kes \u00e9s a mobil internettel szemben is.<\/p>\n\n\n\n<p>A kapcsolat a lefedett ter\u00fcleten bel\u00fcl b\u00e1rhova r\u00f6vid id\u0151 alatt ki\u00e9p\u00edthet\u0151 \u00e9s ingatlan v\u00e1lt\u00e1s eset\u00e9n \u00e1ttelep\u00edthet\u0151.<\/p>\n\n\n\n<p>Ez az internet nem fogy el, mert minden csomag id\u0151ben \u00e9s adatmannyis\u00e9gben korl\u00e1tlan internet hozz\u00e1f\u00e9r\u00e9st biztos\u00edt.<\/p>\n\n\n\n<p>A d\u00edjcsomagok az internet kapcsolat maxim\u00e1lis sebess\u00e9g\u00e9ben k\u00fcl\u00f6nb\u00f6znek. A szolg\u00e1ltat\u00f3 egy vagy t\u00f6bb, egym\u00e1ssal \u00f6sszek\u00f6t\u00f6tt k\u00f6zpontot, m\u00e1sn\u00e9ven fej\u00e1llom\u00e1st \u00fczemeltet, melyekre az el\u0151fizet\u0151k berendez\u00e9sei kapcsol\u00f3dnak.<\/p>\n\n\n\n<p>Mindenk\u00e9ppen er\u0151sen aj\u00e1nlott a tiszta, optikai r\u00e1l\u00e1t\u00e1s a fej\u00e1llom\u00e1sra, \u00edgy t\u00f6bbnyire a tet\u0151antenna is elengedhetetlen.<\/p>\n\n\n\n<p>A szolg\u00e1ltat\u00f3k az elm\u00falt \u00e9vekben sokat fejlesztettek h\u00e1l\u00f3zataik, eszk\u00f6zeik vihar- \u00e9s frekvenciazavar v\u00e9delme \u00e9rdek\u00e9ben, \u00edgy a mikrohull\u00e1m\u00fa internet m\u00e1r megb\u00edzhat\u00f3s\u00e1gban is versenyk\u00e9pes a vezet\u00e9kes- \u00e9s a mobilinternettel.<\/p>\n","protected":false},"excerpt":{"rendered":"<p>Az internet t\u00f6rt\u00e9nelm\u00e9ben a 2020-as \u00e9v biztosan m\u00e9rf\u00f6ldk\u00f6vet jelent, hiszen ez az \u00e9v mutatott r\u00e1 arra, hogy val\u00f3j\u00e1ban elemi sz\u00fcks\u00e9glet\u00fcnk lett a 21. sz\u00e1zadban a<\/p>\n","protected":false},"author":4,"featured_media":7566,"comment_status":"closed","ping_status":"closed","sticky":false,"template":"","format":"standard","meta":{"_mi_skip_tracking":false},"categories":[700,35,4,30,284,698,702,37,699,1,701,34,33],"tags":[62,353,40,182,767,603,241,170,614],"_links":{"self":[{"href":"https:\/\/deltanet.hu\/index.php\/wp-json\/wp\/v2\/posts\/7563"}],"collection":[{"href":"https:\/\/deltanet.hu\/index.php\/wp-json\/wp\/v2\/posts"}],"about":[{"href":"https:\/\/deltanet.hu\/index.php\/wp-json\/wp\/v2\/types\/post"}],"author":[{"embeddable":true,"href":"https:\/\/deltanet.hu\/index.php\/wp-json\/wp\/v2\/users\/4"}],"replies":[{"embeddable":true,"href":"https:\/\/deltanet.hu\/index.php\/wp-json\/wp\/v2\/comments?post=7563"}],"version-history":[{"count":2,"href":"https:\/\/deltanet.hu\/index.php\/wp-json\/wp\/v2\/posts\/7563\/revisions"}],"predecessor-version":[{"id":7567,"href":"https:\/\/deltanet.hu\/index.php\/wp-json\/wp\/v2\/posts\/7563\/revisions\/7567"}],"wp:featuredmedia":[{"embeddable":true,"href":"https:\/\/deltanet.hu\/index.php\/wp-json\/wp\/v2\/media\/7566"}],"wp:attachment":[{"href":"https:\/\/deltanet.hu\/index.php\/wp-json\/wp\/v2\/media?parent=7563"}],"wp:term":[{"taxonomy":"category","embeddable":true,"href":"https:\/\/deltanet.hu\/index.php\/wp-json\/wp\/v2\/categories?post=7563"},{"taxonomy":"post_tag","embeddable":true,"href":"https:\/\/deltanet.hu\/index.php\/wp-json\/wp\/v2\/tags?post=7563"}],"curies":[{"name":"wp","href":"https:\/\/api.w.org\/{rel}","templated":true}]}}