{"id":7679,"date":"2021-05-03T08:36:17","date_gmt":"2021-05-03T06:36:17","guid":{"rendered":"http:\/\/deltanet.hu\/?p=7679"},"modified":"2021-05-03T08:36:20","modified_gmt":"2021-05-03T06:36:20","slug":"elindult-a-facebook-oktatasi-programja","status":"publish","type":"post","link":"https:\/\/deltanet.hu\/index.php\/elindult-a-facebook-oktatasi-programja\/","title":{"rendered":"Elindult a Facebook oktat\u00e1si programja"},"content":{"rendered":"\n<p>Mostant\u00f3l Magyarorsz\u00e1gon, teljesen lokaliz\u00e1lt v\u00e1ltozatban is el\u00e9rhet\u0151 a Facebook tavaly indult Get Digital nev\u0171 programja, melynek c\u00e9lja, hogy el\u00e9rhet\u0151v\u00e9 tegye a hazai iskol\u00e1k \u00e9s csal\u00e1dok sz\u00e1m\u00e1ra azokat az eszk\u00f6z\u00f6ket, amelyek biztons\u00e1gos, eg\u00e9szs\u00e9ges \u00e9s t\u00e1mogat\u00f3 digit\u00e1lis k\u00f6z\u00f6ss\u00e9gek l\u00e9trehoz\u00e1s\u00e1hoz sz\u00fcks\u00e9gesek.<\/p>\n\n\n\n<p>Az er\u0151forr\u00e1sokat a c\u00e9g szerint \u00fagy tervezt\u00e9k, hogy az oszt\u00e1lytermekben \u00e9s otthon is felhaszn\u00e1lhat\u00f3k legyenek, egy olyan id\u0151szakban, amikor a digit\u00e1lis tananyagok m\u00e9g fontosabb\u00e1 v\u00e1ltak, hiszen sz\u00e1mtalan di\u00e1k t\u00e1voktat\u00e1sban k\u00e9nyszer\u00fcl folytatni tanulm\u00e1nyait, \u00e9s a fiatalok t\u00f6bb id\u0151t t\u00f6ltenek eszk\u00f6zeik haszn\u00e1lat\u00e1val.<\/p>\n\n\n\n<p>A Get Digital alapvet\u0151en olyan leck\u00e9ket \u00e9s inform\u00e1ci\u00f3forr\u00e1sokat k\u00edn\u00e1l, melyek c\u00e9lja, hogy a fiatalok elsaj\u00e1t\u00edthassanak bel\u0151le olyan k\u00e9szs\u00e9geket, amelyek \u00e1ltal felel\u0151ss\u00e9gteljes digit\u00e1lis polg\u00e1rokk\u00e1 v\u00e1lhatnak.<\/p>\n\n\n\n<p>A tanterv \u00f6t pill\u00e9ren nyugszik, ezek az Alapismeretek, a J\u00f3l\u00e9t, az Aktivit\u00e1sok, az \u00d6n\u00e1ll\u00f3s\u00e1g \u00e9s a Lehet\u0151s\u00e9gek.<\/p>\n\n\n\n<p>A tartalmakat \u00fagy tervezt\u00e9k, hogy azok el\u0151seg\u00edts\u00e9k a fiatalok alapvet\u0151 kompetenci\u00e1inak \u00e9s k\u00e9szs\u00e9geinek fejleszt\u00e9s\u00e9t a digit\u00e1lis vil\u00e1gban val\u00f3 biztons\u00e1gosabb eligazod\u00e1s\u00e1hoz &#8211; \u00e1ll a Facebook k\u00f6zlem\u00e9ny\u00e9ben.<\/p>\n\n\n\n<p>Az egyes ter\u00fcletekhez konkr\u00e9t, egy-egy kiv\u00e1lasztott k\u00e9rd\u00e9sk\u00f6rt teljes eg\u00e9sz\u00e9ben lefed\u0151 tantervek \u00e9rhet\u0151k el. Ezekb\u0151l a tananyagokb\u00f3l a sz\u00fcl\u0151k is seg\u00edts\u00e9get kaphatnak ahhoz, hogy egy\u00fctt k\u00e9sz\u00fclhessenek fel gyerekeikkel a digit\u00e1lis biztons\u00e1g lefolytatand\u00f3 besz\u00e9lget\u00e9sekre.<\/p>\n\n\n\n<p>A tizen\u00e9vesek maguk is tal\u00e1lhatnak sz\u00f3rakoztat\u00f3 feladatokat az anyagok k\u00f6z\u00f6tt, amelyek seg\u00edtenek az interneten val\u00f3 navig\u00e1l\u00e1sban \u00e9s az online k\u00f6z\u00f6ss\u00e9gek l\u00e9trehoz\u00e1s\u00e1ban.<\/p>\n\n\n\n<p>Forr\u00e1s: https:\/\/www.hwsw.hu\/hirek\/63142\/facebook-get-digital-skool-o ktatas-tanterv-digitalis.html<\/p>\n","protected":false},"excerpt":{"rendered":"<p>Mostant\u00f3l Magyarorsz\u00e1gon, teljesen lokaliz\u00e1lt v\u00e1ltozatban is el\u00e9rhet\u0151 a Facebook tavaly indult Get Digital nev\u0171 programja, melynek c\u00e9lja, hogy el\u00e9rhet\u0151v\u00e9 tegye a hazai iskol\u00e1k \u00e9s csal\u00e1dok<\/p>\n","protected":false},"author":4,"featured_media":7680,"comment_status":"closed","ping_status":"closed","sticky":false,"template":"","format":"standard","meta":{"_mi_skip_tracking":false},"categories":[700,35,4,30,284,698,702,37,699,1,701,34,33],"tags":[869,271,563,40,216,868,533],"_links":{"self":[{"href":"https:\/\/deltanet.hu\/index.php\/wp-json\/wp\/v2\/posts\/7679"}],"collection":[{"href":"https:\/\/deltanet.hu\/index.php\/wp-json\/wp\/v2\/posts"}],"about":[{"href":"https:\/\/deltanet.hu\/index.php\/wp-json\/wp\/v2\/types\/post"}],"author":[{"embeddable":true,"href":"https:\/\/deltanet.hu\/index.php\/wp-json\/wp\/v2\/users\/4"}],"replies":[{"embeddable":true,"href":"https:\/\/deltanet.hu\/index.php\/wp-json\/wp\/v2\/comments?post=7679"}],"version-history":[{"count":1,"href":"https:\/\/deltanet.hu\/index.php\/wp-json\/wp\/v2\/posts\/7679\/revisions"}],"predecessor-version":[{"id":7681,"href":"https:\/\/deltanet.hu\/index.php\/wp-json\/wp\/v2\/posts\/7679\/revisions\/7681"}],"wp:featuredmedia":[{"embeddable":true,"href":"https:\/\/deltanet.hu\/index.php\/wp-json\/wp\/v2\/media\/7680"}],"wp:attachment":[{"href":"https:\/\/deltanet.hu\/index.php\/wp-json\/wp\/v2\/media?parent=7679"}],"wp:term":[{"taxonomy":"category","embeddable":true,"href":"https:\/\/deltanet.hu\/index.php\/wp-json\/wp\/v2\/categories?post=7679"},{"taxonomy":"post_tag","embeddable":true,"href":"https:\/\/deltanet.hu\/index.php\/wp-json\/wp\/v2\/tags?post=7679"}],"curies":[{"name":"wp","href":"https:\/\/api.w.org\/{rel}","templated":true}]}}