{"id":7722,"date":"2021-05-10T12:35:44","date_gmt":"2021-05-10T10:35:44","guid":{"rendered":"http:\/\/deltanet.hu\/?p=7722"},"modified":"2021-05-10T12:35:46","modified_gmt":"2021-05-10T10:35:46","slug":"van-e-karos-sugarzasa-az-5g-nek","status":"publish","type":"post","link":"https:\/\/deltanet.hu\/index.php\/van-e-karos-sugarzasa-az-5g-nek\/","title":{"rendered":"Van-e k\u00e1ros sug\u00e1rz\u00e1sa az 5G-nek?"},"content":{"rendered":"\n<p>Az 5G mobilh\u00e1l\u00f3zatokr\u00f3l kev\u00e9s a megb\u00edzhat\u00f3 \u00e9s el\u00e9rhet\u0151 inform\u00e1ci\u00f3: sokan p\u00e1ratlan technol\u00f3giai lehet\u0151s\u00e9geket l\u00e1tnak benne, m\u00e1sok eddig ismeretlen eg\u00e9szs\u00e9g\u00fcgyi hat\u00e1sokt\u00f3l tartanak.<\/p>\n\n\n\n<p>Az 5G h\u00e1l\u00f3zatok most bevezetend\u0151 alacsonyabb frekvenci\u00e1i m\u00e1r j\u00f3 ideje haszn\u00e1latban vannak a 2G \u00e9s a 4G rendszerekben, valamint a Wi-Fi kapcsolatokban.<\/p>\n\n\n\n<p>Ez a hat\u00e1s teh\u00e1t \u00e9vek \u00f3ta \u00e9r benn\u00fcnket, \u00e9s mivel nincs olyan megk\u00e9rd\u0151jelezhetetlen bizony\u00edt\u00e9k, amely ezekn\u00e9l a frekvenci\u00e1kn\u00e1l az emberi eg\u00e9szs\u00e9gk\u00e1ros\u00edt\u00f3 hat\u00e1sokat al\u00e1t\u00e1masztan\u00e1, az 5G-rendszerek els\u0151 hull\u00e1m\u00e1t\u00f3l sem sz\u00e1m\u00edthatunk \u00fajdons\u00e1gra e t\u00e9ren.<\/p>\n\n\n\n<p>A minket \u00e9r\u0151 \u00e9s test\u00fcnkben elnyel\u0151d\u0151 sug\u00e1rz\u00e1s \u2013 sz\u00e1rmazzon 4G vagy \u00e9ppen 5G h\u00e1l\u00f3zatb\u00f3l \u2013 sokszor nagys\u00e1grendendekkel nagyobb r\u00e9sze nem ad\u00f3tornyokb\u00f3l, hanem saj\u00e1t telefonk\u00e9sz\u00fcl\u00e9keinkb\u0151l sz\u00e1rmazik. \u00c9s ez a sug\u00e1rz\u00e1s ann\u00e1l nagyobb, min\u00e9l t\u00e1volabb vagyunk az ad\u00f3tornyokt\u00f3l.<\/p>\n\n\n\n<p>Az ut\u00f3bbi n\u00e9h\u00e1ny \u00e9vtizedben bizonyos m\u00e9rt\u00e9kben n\u0151tt k\u00f6r\u00fcl\u00f6tt\u00fcnk az elektrom\u00e1gneses sug\u00e1rz\u00e1s. Ez k\u00fcl\u00f6n\u00f6sen a mobiltelefonok \u00e1ltal jellemz\u0151en haszn\u00e1lt frekvenciatartom\u00e1nyban volt jelent\u0151s, azonban ez a sug\u00e1rz\u00e1si szint nagys\u00e1grendekkel az eg\u00e9szs\u00e9g\u00fcgyi hat\u00e1r\u00e9rt\u00e9k alatt van.<\/p>\n\n\n\n<p>Ezt a sug\u00e1rz\u00e1st jelent\u0151s m\u00e9rt\u00e9kben \u00e9s egyszer\u0171en cs\u00f6kkenthetj\u00fck, ha kihangos\u00edt\u00f3val vagy f\u00fclhallgat\u00f3val haszn\u00e1ljuk a telefont, \u00e9rdemes erre k\u00fcl\u00f6n\u00f6sen figyelni a rossz t\u00e9rer\u0151ss\u00e9g\u0171 helyeken.<\/p>\n\n\n\n<p>A Nemzeti M\u00e9dia- \u00e9s H\u00edrk\u00f6zl\u00e9si Hat\u00f3s\u00e1g \u00f6sszesen t\u00f6bb, mint 70 telep\u00edtett \u00e9s mobil m\u00e9r\u0151\u00e1llom\u00e1ssal monitorozza a minket k\u00f6r\u00fclvev\u0151 elektrom\u00e1gneses sug\u00e1rz\u00e1st, \u00e9s amennyiben ez valahol \u00e1tl\u00e9pn\u00e9 az eg\u00e9szs\u00e9g\u00fcgyi hat\u00e1r\u00e9rt\u00e9ket, azonnal int\u00e9zkednek.<\/p>\n\n\n\n<p>Forr\u00e1s: https:\/\/www.portfolio.hu\/gazdasag\/20201124\/karos-az-5g-vag y-sem-az-mta-elmagyarazza-hogy-allunk-most-ezzel-458726<\/p>\n","protected":false},"excerpt":{"rendered":"<p>Az 5G mobilh\u00e1l\u00f3zatokr\u00f3l kev\u00e9s a megb\u00edzhat\u00f3 \u00e9s el\u00e9rhet\u0151 inform\u00e1ci\u00f3: sokan p\u00e1ratlan technol\u00f3giai lehet\u0151s\u00e9geket l\u00e1tnak benne, m\u00e1sok eddig ismeretlen eg\u00e9szs\u00e9g\u00fcgyi hat\u00e1sokt\u00f3l tartanak. Az 5G h\u00e1l\u00f3zatok most<\/p>\n","protected":false},"author":4,"featured_media":7723,"comment_status":"closed","ping_status":"closed","sticky":false,"template":"","format":"standard","meta":{"_mi_skip_tracking":false},"categories":[36,700,35,4,30,284,698,702,37,699,1,701,34,33],"tags":[209,488,823,40,216,487,605],"_links":{"self":[{"href":"https:\/\/deltanet.hu\/index.php\/wp-json\/wp\/v2\/posts\/7722"}],"collection":[{"href":"https:\/\/deltanet.hu\/index.php\/wp-json\/wp\/v2\/posts"}],"about":[{"href":"https:\/\/deltanet.hu\/index.php\/wp-json\/wp\/v2\/types\/post"}],"author":[{"embeddable":true,"href":"https:\/\/deltanet.hu\/index.php\/wp-json\/wp\/v2\/users\/4"}],"replies":[{"embeddable":true,"href":"https:\/\/deltanet.hu\/index.php\/wp-json\/wp\/v2\/comments?post=7722"}],"version-history":[{"count":1,"href":"https:\/\/deltanet.hu\/index.php\/wp-json\/wp\/v2\/posts\/7722\/revisions"}],"predecessor-version":[{"id":7724,"href":"https:\/\/deltanet.hu\/index.php\/wp-json\/wp\/v2\/posts\/7722\/revisions\/7724"}],"wp:featuredmedia":[{"embeddable":true,"href":"https:\/\/deltanet.hu\/index.php\/wp-json\/wp\/v2\/media\/7723"}],"wp:attachment":[{"href":"https:\/\/deltanet.hu\/index.php\/wp-json\/wp\/v2\/media?parent=7722"}],"wp:term":[{"taxonomy":"category","embeddable":true,"href":"https:\/\/deltanet.hu\/index.php\/wp-json\/wp\/v2\/categories?post=7722"},{"taxonomy":"post_tag","embeddable":true,"href":"https:\/\/deltanet.hu\/index.php\/wp-json\/wp\/v2\/tags?post=7722"}],"curies":[{"name":"wp","href":"https:\/\/api.w.org\/{rel}","templated":true}]}}