{"id":7781,"date":"2021-05-17T10:38:13","date_gmt":"2021-05-17T08:38:13","guid":{"rendered":"http:\/\/deltanet.hu\/?p=7781"},"modified":"2021-05-17T10:38:16","modified_gmt":"2021-05-17T08:38:16","slug":"kitette-az-emelt-dijas-sms-szuret-a-telekom","status":"publish","type":"post","link":"https:\/\/deltanet.hu\/index.php\/kitette-az-emelt-dijas-sms-szuret-a-telekom\/","title":{"rendered":"Kitette az emelt d\u00edjas SMS sz\u0171r\u00e9t a Telekom"},"content":{"rendered":"\n<p>M\u00e1jus 1-j\u00e9t\u0151l megsz\u00fcntette az \u00fagynevezett emelt d\u00edjas SMS-szolg\u00e1ltat\u00e1st a Magyar Telekom, \u00edgy a jellemz\u0151en k\u00fcl\u00f6nf\u00e9le tartalmak k\u00fcld\u00e9s\u00e9re haszn\u00e1lt, m\u00e1ra meglehet\u0151sen elavultt\u00e1 v\u00e1lt platformnak els\u0151k\u00e9nt az orsz\u00e1g legnagyobb mobilszolg\u00e1ltat\u00f3ja intett b\u00facs\u00fat.<\/p>\n\n\n\n<p>A szolg\u00e1ltat\u00f3 oldal\u00e1n tal\u00e1lhat\u00f3 t\u00e1j\u00e9koztat\u00f3 nem t\u00e9r ki a megsz\u00fcntet\u00e9s okaira, a Telexnek ugyanakkor a c\u00e9g k\u00e9pvisel\u0151je \u00fagy nyilatkozott, els\u0151sorban a vissza\u00e9l\u00e9sek miatt lett sz\u00fcks\u00e9g az emelt d\u00edjas SMS-ek kivezet\u00e9s\u00e9re.<\/p>\n\n\n\n<p>Azt, hogy a szolg\u00e1ltat\u00e1sba gyakorlatilag k\u00f3dolva vannak a vissza\u00e9l\u00e9sek, mi sem jelzi jobban, mint hogy a Nemzeti M\u00e9dia- \u00e9s H\u00edrk\u00f6zl\u00e9si Hat\u00f3s\u00e1g 2009-ben arra k\u00f6telezte a 3 orsz\u00e1gos mobilszolg\u00e1ltat\u00f3t, hogy az el\u0151fizet\u0151k v\u00e9delme \u00e9rdek\u00e9ben alapesetben tiltsa meg az emelt d\u00edjas SMS-ek fogad\u00e1s\u00e1t.<\/p>\n\n\n\n<p>Az ezt el\u0151\u00edr\u00f3 hat\u00e1rozatban foglaltaknak a Telekom, amely akkor m\u00e9g T-Mobile n\u00e9ven m\u0171k\u00f6d\u00f6tt, hat\u00e1rid\u0151re eleget tett, m\u00edg a Telenor \u00e9s a Vodafone b\u00edr\u00f3s\u00e1gon t\u00e1madta meg azt, \u00e1m v\u00e9g\u00fcl mindegyik piaci szerepl\u0151 bevezette a tilt\u00e1st.<\/p>\n\n\n\n<p>Mivel az elm\u00falt \u00e9vekben sz\u00e1mos alkalommal haszn\u00e1lt\u00e1k f\u00e9lrevezet\u0151, megt\u00e9veszt\u0151 szolg\u00e1ltat\u00e1sokhoz az emelt d\u00edjas SMS-t, ezzel k\u00e1rt okoztak az el\u0151fizet\u0151knek. A szolg\u00e1ltat\u00f3 ezt igyekezett k\u00fcl\u00f6nb\u00f6z\u0151 m\u00e9rt\u00e9k\u0171 j\u00f3v\u00e1\u00edr\u00e1sokkal kompenz\u00e1lni, ezzel viszont a szolg\u00e1ltat\u00e1s fenntarthatatlann\u00e1 v\u00e1lt.<\/p>\n\n\n\n<p>Az emelt d\u00edjas SMS-szolg\u00e1ltat\u00e1sok ig\u00e9nybev\u00e9tele kapcs\u00e1n a legnagyobb agg\u00e1lyt az jelenti, hogy az \u00fcgyfelek nincsenek tiszt\u00e1ban azzal, hogy az SMS lek\u00e9r\u00e9s\u00e9vel esetenk\u00e9nt val\u00f3j\u00e1ban egy folyamatos szolg\u00e1ltat\u00e1sra fizetnek el\u0151.<\/p>\n\n\n\n<p>K\u00fcl\u00f6n\u00f6sen agg\u00e1lyos, hogy az eff\u00e9le szolg\u00e1ltat\u00e1sok els\u0151sorban a fiatalkor\u00faakat, net\u00e1n az id\u0151sebb koroszt\u00e1lyt c\u00e9lozz\u00e1k, akik t\u00f6bbnyire j\u00f3val kevesebb figyelmet ford\u00edtanak a t\u00e1j\u00e9koztat\u00f3 \u00fczenetek, apr\u00f3bet\u0171s r\u00e9szletek elolvas\u00e1s\u00e1ra.<\/p>\n\n\n\n<p>Forr\u00e1s: https:\/\/www.hwsw.hu\/hirek\/63224\/magyar-telekom-emelt-dijas -sms-kivezetes-tiltas.html<\/p>\n","protected":false},"excerpt":{"rendered":"<p>M\u00e1jus 1-j\u00e9t\u0151l megsz\u00fcntette az \u00fagynevezett emelt d\u00edjas SMS-szolg\u00e1ltat\u00e1st a Magyar Telekom, \u00edgy a jellemz\u0151en k\u00fcl\u00f6nf\u00e9le tartalmak k\u00fcld\u00e9s\u00e9re haszn\u00e1lt, m\u00e1ra meglehet\u0151sen elavultt\u00e1 v\u00e1lt platformnak els\u0151k\u00e9nt az<\/p>\n","protected":false},"author":4,"featured_media":7782,"comment_status":"closed","ping_status":"closed","sticky":false,"template":"","format":"standard","meta":{"_mi_skip_tracking":false},"categories":[36,700,35,4,30,284,698,702,37,699,1,701,34,33],"tags":[896,895,44],"_links":{"self":[{"href":"https:\/\/deltanet.hu\/index.php\/wp-json\/wp\/v2\/posts\/7781"}],"collection":[{"href":"https:\/\/deltanet.hu\/index.php\/wp-json\/wp\/v2\/posts"}],"about":[{"href":"https:\/\/deltanet.hu\/index.php\/wp-json\/wp\/v2\/types\/post"}],"author":[{"embeddable":true,"href":"https:\/\/deltanet.hu\/index.php\/wp-json\/wp\/v2\/users\/4"}],"replies":[{"embeddable":true,"href":"https:\/\/deltanet.hu\/index.php\/wp-json\/wp\/v2\/comments?post=7781"}],"version-history":[{"count":1,"href":"https:\/\/deltanet.hu\/index.php\/wp-json\/wp\/v2\/posts\/7781\/revisions"}],"predecessor-version":[{"id":7783,"href":"https:\/\/deltanet.hu\/index.php\/wp-json\/wp\/v2\/posts\/7781\/revisions\/7783"}],"wp:featuredmedia":[{"embeddable":true,"href":"https:\/\/deltanet.hu\/index.php\/wp-json\/wp\/v2\/media\/7782"}],"wp:attachment":[{"href":"https:\/\/deltanet.hu\/index.php\/wp-json\/wp\/v2\/media?parent=7781"}],"wp:term":[{"taxonomy":"category","embeddable":true,"href":"https:\/\/deltanet.hu\/index.php\/wp-json\/wp\/v2\/categories?post=7781"},{"taxonomy":"post_tag","embeddable":true,"href":"https:\/\/deltanet.hu\/index.php\/wp-json\/wp\/v2\/tags?post=7781"}],"curies":[{"name":"wp","href":"https:\/\/api.w.org\/{rel}","templated":true}]}}