{"id":7801,"date":"2021-05-25T12:36:05","date_gmt":"2021-05-25T10:36:05","guid":{"rendered":"http:\/\/deltanet.hu\/?p=7801"},"modified":"2021-05-25T12:36:07","modified_gmt":"2021-05-25T10:36:07","slug":"a-gyerekek-instagramja","status":"publish","type":"post","link":"https:\/\/deltanet.hu\/index.php\/a-gyerekek-instagramja\/","title":{"rendered":"A gyerekek Instagramja"},"content":{"rendered":"\n<p>Egyre t\u00f6bben k\u00e9rik a Facebookot, vesse el a gyerekeknek sz\u00e1nt Instagram \u00f6tlet\u00e9t. Kor\u00e1bban politikusok \u00edrtak emiatt a c\u00e9gnek, most 44 amerikai f\u0151\u00e1llam\u00fcgy\u00e9sz.<\/p>\n\n\n\n<p>M\u00e9g m\u00e1rciusban lehetett el\u0151sz\u00f6r arr\u00f3l hallani, hogy a Facebook egy \u00faj k\u00e9pmegoszt\u00f3 alkalmaz\u00e1s fejleszt\u00e9s\u00e9n dolgozik. Nem az Instagram h\u00e1zon bel\u00fcli konkurenci\u00e1j\u00e1r\u00f3l van sz\u00f3, hanem annak kieg\u00e9sz\u00edt\u00e9s\u00e9r\u0151l, a c\u00e9g ugyanis eld\u00f6nt\u00f6tte, hogy a 13 \u00e9ven aluli gyerekeknek l\u00e9trehoz egy ilyesmi platformot.<\/p>\n\n\n\n<p>Ennek oka, hogy az amerikai t\u00f6rv\u00e9nyek szerint 13 \u00e9vesn\u00e9l fiatalabb felhaszn\u00e1l\u00f3nak nem lehet profilja az Instagramon \u2013 se a Facebookon \u2013, \u00e1m ezen szab\u00e1ly betart\u00e1sa legink\u00e1bb azon m\u00falik, hogy mennyire becs\u00fcletesek a regisztr\u00e1l\u00f3 felhaszn\u00e1l\u00f3k. A c\u00e9g ez\u00e9rt \u00fagy d\u00f6nt\u00f6tt, hogy nem kiz\u00e1rja, csup\u00e1n &#8220;\u00e1ttereli&#8221; a gyerekeket egy m\u00e1sik, nekik sz\u00e1nt alkalmaz\u00e1sba \u2013 nagyj\u00e1b\u00f3l \u00fagy, ahogy a YouTube teszi a YouTube Kids eset\u00e9ben.<\/p>\n\n\n\n<p>Az \u00f6tlet\u00e9rt azonban nem mindenki lelkesedik. Kor\u00e1bban m\u00e1r 4 amerikai k\u00e9pvisel\u0151 \u00edrt k\u00f6z\u00f6sen ny\u00edlt levelet a c\u00e9gnek az\u00e9rt, hogy \u00e1ll\u00edtsa le a projektet, most \u00fajabb, hat\u00e1rozott k\u00e9r\u00e9s \u00e9rkezett a Facebookhoz, hogy vess\u00e9k el az Instagram Kids \u00f6tlet\u00e9t.<\/p>\n\n\n\n<p>A lev\u00e9l\u00edr\u00f3k arra hivatkoztak, hogy a k\u00f6z\u00f6ss\u00e9gi m\u00e9dia haszn\u00e1lata rendk\u00edv\u00fcl k\u00e1ros a gyerekek sz\u00e1m\u00e1ra, \u00e1rt a fizikai, ment\u00e1lis \u00e9s lelki j\u00f3ll\u00e9t\u00fcknek, emellett pedig a zaklat\u00f3knak \u00e9s pedofiloknak is sokkal kitettebbek lesznek. Ennek kapcs\u00e1n egy 2017-es felm\u00e9r\u00e9st is megvizsg\u00e1ltak, amely szerint az Instagram-felhaszn\u00e1l\u00f3k 42 sz\u00e1zal\u00e9ka \u00e9lt m\u00e1r \u00e1t zaklat\u00e1st a k\u00e9pmegoszt\u00f3 alkalmaz\u00e1sban. Ez messze a legrosszabb ar\u00e1ny, amit a k\u00f6z\u00f6ss\u00e9gi oldalak eset\u00e9ben m\u00e9rtek.<\/p>\n\n\n\n<p>Hogy milyen m\u00e1s megold\u00e1st lehetne tal\u00e1lni arra a probl\u00e9m\u00e1ra, hogy a 13 \u00e9vesn\u00e9l fiatalabbak is haszn\u00e1lj\u00e1k m\u00e1r az Instagramot, arr\u00f3l nem \u00edrnak. Az viszont biztos, hogy egy l\u00e9tez\u0151 probl\u00e9m\u00e1r\u00f3l van sz\u00f3, amit miel\u0151bb orvosolni kell.<\/p>\n\n\n\n<p>Forr\u00e1s: https:\/\/hvg.hu\/tudomany\/20210512_facebook_instagram_kids _kepmegoszto_app_alkalmazas<\/p>\n","protected":false},"excerpt":{"rendered":"<p>Egyre t\u00f6bben k\u00e9rik a Facebookot, vesse el a gyerekeknek sz\u00e1nt Instagram \u00f6tlet\u00e9t. Kor\u00e1bban politikusok \u00edrtak emiatt a c\u00e9gnek, most 44 amerikai f\u0151\u00e1llam\u00fcgy\u00e9sz. M\u00e9g m\u00e1rciusban lehetett<\/p>\n","protected":false},"author":4,"featured_media":7802,"comment_status":"closed","ping_status":"closed","sticky":false,"template":"","format":"standard","meta":{"_mi_skip_tracking":false},"categories":[36,700,35,4,30,284,698,702,37,699,1,701,34,33],"tags":[271,103,66,40,216,398,911],"_links":{"self":[{"href":"https:\/\/deltanet.hu\/index.php\/wp-json\/wp\/v2\/posts\/7801"}],"collection":[{"href":"https:\/\/deltanet.hu\/index.php\/wp-json\/wp\/v2\/posts"}],"about":[{"href":"https:\/\/deltanet.hu\/index.php\/wp-json\/wp\/v2\/types\/post"}],"author":[{"embeddable":true,"href":"https:\/\/deltanet.hu\/index.php\/wp-json\/wp\/v2\/users\/4"}],"replies":[{"embeddable":true,"href":"https:\/\/deltanet.hu\/index.php\/wp-json\/wp\/v2\/comments?post=7801"}],"version-history":[{"count":1,"href":"https:\/\/deltanet.hu\/index.php\/wp-json\/wp\/v2\/posts\/7801\/revisions"}],"predecessor-version":[{"id":7803,"href":"https:\/\/deltanet.hu\/index.php\/wp-json\/wp\/v2\/posts\/7801\/revisions\/7803"}],"wp:featuredmedia":[{"embeddable":true,"href":"https:\/\/deltanet.hu\/index.php\/wp-json\/wp\/v2\/media\/7802"}],"wp:attachment":[{"href":"https:\/\/deltanet.hu\/index.php\/wp-json\/wp\/v2\/media?parent=7801"}],"wp:term":[{"taxonomy":"category","embeddable":true,"href":"https:\/\/deltanet.hu\/index.php\/wp-json\/wp\/v2\/categories?post=7801"},{"taxonomy":"post_tag","embeddable":true,"href":"https:\/\/deltanet.hu\/index.php\/wp-json\/wp\/v2\/tags?post=7801"}],"curies":[{"name":"wp","href":"https:\/\/api.w.org\/{rel}","templated":true}]}}