{"id":7810,"date":"2021-05-31T08:37:09","date_gmt":"2021-05-31T06:37:09","guid":{"rendered":"http:\/\/deltanet.hu\/?p=7810"},"modified":"2021-05-31T08:37:11","modified_gmt":"2021-05-31T06:37:11","slug":"megnyilik-az-elso-hivatalos-google-bolt","status":"publish","type":"post","link":"https:\/\/deltanet.hu\/index.php\/megnyilik-az-elso-hivatalos-google-bolt\/","title":{"rendered":"Megny\u00edlik az els\u0151 hivatalos Google-bolt"},"content":{"rendered":"\n<p>Ez lesz a t\u00e1rsas\u00e1g els\u0151 \u00e1lland\u00f3 fizikai \u00fczlete, ami k\u00e9t \u00e9vtizeddel az els\u0151 Apple Store-ok megnyit\u00e1sa ut\u00e1n hasonl\u00f3 megk\u00f6zell\u00edt\u00e9ssel t\u00e1mogatni k\u00edv\u00e1nja a m\u00e1rka \u00e9rt\u00e9kes\u00edt\u00e9seit.<\/p>\n\n\n\n<p>A Google The Keyword blogj\u00e1nak bejegyz\u00e9s\u00e9ben jelentette be, hogy a ny\u00e1ron megnyitja els\u0151 fizikai \u00fczlet\u00e9t New Yorkban.<\/p>\n\n\n\n<p>Az \u00faj \u00e1ruh\u00e1z a nagyv\u00e1ros Chelsea negyed\u00e9ben kap helyet, a tervek szerint a New York-i Google-campus k\u00f6zel\u00e9ben, ahol a v\u00e1llalat t\u00f6bb mint 11 ezer alkalmazottja dolgozik.<\/p>\n\n\n\n<p>A kiskereskedelmi egys\u00e9gben Pixel okostelefonokat, pr\u00e9mium kateg\u00f3ri\u00e1s Pixelbook g\u00e9peket \u00e9s Fitbit fitneszkark\u00f6t\u0151ket \u00e1rulnak \u00e9s jav\u00edtanak majd, de megtal\u00e1lhat\u00f3k lesznek benne a Nest intelligens otthoni eszk\u00f6zei is.<\/p>\n\n\n\n<p>Az \u00fczletben a fogyaszt\u00f3k rendelkez\u00e9s\u00e9re \u00e1ll majd a Google-m\u00e1rk\u00e1s eszk\u00f6z\u00f6kkel foglalkoz\u00f3 \u00fcgyf\u00e9lszolg\u00e1lat, \u00e9s term\u00e9szetesen online megrendel\u00e9seiket is \u00e1tvehetik a boltban.<\/p>\n\n\n\n<p>Jellemz\u0151en olyan k\u00fcl\u00f6nleges term\u00e9keket vonultathatnak fel, amivel a v\u00e1s\u00e1rl\u00f3k kor\u00e1bban nem felt\u00e9tlen\u00fcl tal\u00e1lkozhattak.<\/p>\n\n\n\n<p>\u00c9rdemes megjegyezni, hogy a Google-bolt megnyit\u00e1sra majdnem pontosan egy \u00e9vvel azut\u00e1n ker\u00fclhet sor, hogy a Microsoft bejelentette: v\u00e1ltoztat \u00e9rt\u00e9kes\u00edt\u00e9si strat\u00e9gi\u00e1j\u00e1n, \u00e9s megsz\u00fcnteti a Microsoft Store fizikai l\u00e9tes\u00edtm\u00e9nyeit.<\/p>\n\n\n\n<p>A t\u00e1rsas\u00e1g 2020 m\u00e1rcius\u00e1ban, a vil\u00e1gj\u00e1rv\u00e1nyra reag\u00e1lva z\u00e1rta be a boltokat, hogy az \u00f6sszes t\u00f6bbi piaci szerepl\u0151h\u00f6z hasonl\u00f3an az online fel\u00fcletekre ir\u00e1ny\u00edtsa v\u00e1s\u00e1rl\u00f3it.<\/p>\n\n\n\n<p>J\u00fanius v\u00e9g\u00e9n azonban kider\u00fclt, hogy az \u00fczletek kor\u00e1bbi form\u00e1jukban m\u00e1r nem is fognak kinyitni, \u00e9s amelyik egy\u00e1ltal\u00e1n megmarad, azt is egyfajta microsoftos &#8220;\u00e9lm\u00e9nyk\u00f6zpontt\u00e1&#8221; alak\u00edtj\u00e1k \u00e1t.<\/p>\n\n\n\n<p>A Microsoft a partneri csatorna mellett k\u00f6zvetlen\u00fcl \u00e9rt\u00e9kes\u00edtett term\u00e9kei eset\u00e9ben teljesen r\u00e1\u00e1ll a digit\u00e1lis forgalmaz\u00e1sra.<\/p>\n\n\n\n<p>Forr\u00e1s: <a href=\"https:\/\/bitport.hu\/megnyilik-az-elso-hivatalos-google-bolt\">https:\/\/bitport.hu\/megnyilik-az-elso-hivatalos-google-bolt<\/a><\/p>\n","protected":false},"excerpt":{"rendered":"<p>Ez lesz a t\u00e1rsas\u00e1g els\u0151 \u00e1lland\u00f3 fizikai \u00fczlete, ami k\u00e9t \u00e9vtizeddel az els\u0151 Apple Store-ok megnyit\u00e1sa ut\u00e1n hasonl\u00f3 megk\u00f6zell\u00edt\u00e9ssel t\u00e1mogatni k\u00edv\u00e1nja a m\u00e1rka \u00e9rt\u00e9kes\u00edt\u00e9seit. A<\/p>\n","protected":false},"author":4,"featured_media":7811,"comment_status":"closed","ping_status":"closed","sticky":false,"template":"","format":"standard","meta":{"_mi_skip_tracking":false},"categories":[700,35,4,30,284,698,702,37,699,1,701,34,33],"tags":[59,914,915,916],"_links":{"self":[{"href":"https:\/\/deltanet.hu\/index.php\/wp-json\/wp\/v2\/posts\/7810"}],"collection":[{"href":"https:\/\/deltanet.hu\/index.php\/wp-json\/wp\/v2\/posts"}],"about":[{"href":"https:\/\/deltanet.hu\/index.php\/wp-json\/wp\/v2\/types\/post"}],"author":[{"embeddable":true,"href":"https:\/\/deltanet.hu\/index.php\/wp-json\/wp\/v2\/users\/4"}],"replies":[{"embeddable":true,"href":"https:\/\/deltanet.hu\/index.php\/wp-json\/wp\/v2\/comments?post=7810"}],"version-history":[{"count":1,"href":"https:\/\/deltanet.hu\/index.php\/wp-json\/wp\/v2\/posts\/7810\/revisions"}],"predecessor-version":[{"id":7812,"href":"https:\/\/deltanet.hu\/index.php\/wp-json\/wp\/v2\/posts\/7810\/revisions\/7812"}],"wp:featuredmedia":[{"embeddable":true,"href":"https:\/\/deltanet.hu\/index.php\/wp-json\/wp\/v2\/media\/7811"}],"wp:attachment":[{"href":"https:\/\/deltanet.hu\/index.php\/wp-json\/wp\/v2\/media?parent=7810"}],"wp:term":[{"taxonomy":"category","embeddable":true,"href":"https:\/\/deltanet.hu\/index.php\/wp-json\/wp\/v2\/categories?post=7810"},{"taxonomy":"post_tag","embeddable":true,"href":"https:\/\/deltanet.hu\/index.php\/wp-json\/wp\/v2\/tags?post=7810"}],"curies":[{"name":"wp","href":"https:\/\/api.w.org\/{rel}","templated":true}]}}