{"id":7813,"date":"2021-05-31T08:40:31","date_gmt":"2021-05-31T06:40:31","guid":{"rendered":"http:\/\/deltanet.hu\/?p=7813"},"modified":"2021-05-31T08:40:34","modified_gmt":"2021-05-31T06:40:34","slug":"megszunik-az-internet-explorer-bongeszo","status":"publish","type":"post","link":"https:\/\/deltanet.hu\/index.php\/megszunik-az-internet-explorer-bongeszo\/","title":{"rendered":"Megsz\u0171nik az Internet Explorer b\u00f6ng\u00e9sz\u0151"},"content":{"rendered":"\n<p>Huszon\u00f6t \u00e9vvel a legels\u0151 verzi\u00f3j\u00e1nak megjelen\u00e9s\u00e9t k\u00f6vet\u0151en a Microsoft bejelentette az Internet Explorer v\u00e9gleges nyugd\u00edjaz\u00e1s\u00e1t.<\/p>\n\n\n\n<p>A t\u00e1j\u00e9koztat\u00e1s szerint a b\u00f6ng\u00e9sz\u0151 t\u00e1mogat\u00e1sa 2022. j\u00fanius 15-\u00e9n sz\u0171nik meg a Windows 8.1 \u00e9s a Windows 10 legt\u00f6bb kiad\u00e1s\u00e1ban.<\/p>\n\n\n\n<p>Egyel\u0151re nem vil\u00e1gos, hogy a b\u00f6ng\u00e9sz\u0151 kivezet\u00e9se pontosan hogyan t\u00f6rt\u00e9nik majd: melyik f\u0151verzi\u00f3t\u00f3l kezdve nem lesz m\u00e1r benne a Windows 10-ben, tov\u00e1bb\u00e1 a b\u00f6ng\u00e9sz\u0151vel el\u0151telep\u00edtve \u00e9rkezett r\u00e9gebbi rendszerekben letiltja-e a Microsoft.<\/p>\n\n\n\n<p>Az ut\u00f3bbi nagyon j\u00f3 es\u00e9llyel meg fog t\u00f6rt\u00e9nni, hiszen nem nyer\u0151 \u00f6tlet egy alapvet\u0151en is 2010-es \u00e9vek eleji technikai sz\u00ednvonalon l\u00e9v\u0151, r\u00e1ad\u00e1sul m\u00e1r nem is t\u00e1mogatott b\u00f6ng\u00e9sz\u0151t elind\u00edthat\u00f3v\u00e1 tenni.<\/p>\n\n\n\n<p>Ugyan az \u00e1tlagos netez\u0151knek embereml\u00e9kezet \u00f3ta nincs okuk az Internet Explorer haszn\u00e1lat\u00e1ra, azonban tov\u00e1bbra is vannak olyan c\u00e9gek, amelyeknek az \u0151sr\u00e9gi \u00fcgyviteli rendszereik miatt sz\u00fcks\u00e9g\u00fck van r\u00e1. Itt tipikusan nagyv\u00e1llalatok matuzs\u00e1lemi kor\u00fa megold\u00e1saira kell gondolni.<\/p>\n\n\n\n<p>Sz\u00e1mukra sem j\u00f6tt el a v\u00e9g, a m\u00e1sodik gener\u00e1ci\u00f3s Microsoft Edge-ben tal\u00e1lhat\u00f3 egy funkci\u00f3, a rendszergazd\u00e1k a megfelel\u0151 oldalak eset\u00e9n ezt a funkci\u00f3t aktiv\u00e1lva legal\u00e1bb 2029-ig k\u00e9pesek lesznek az Internet Explorer technol\u00f3gi\u00e1j\u00e1val futtatni a k\u00edv\u00e1nt web alkalmaz\u00e1sokat.<\/p>\n\n\n\n<p>A nem szabv\u00e1nyos megold\u00e1sair\u00f3l \u00e9s gigantikus sebezhet\u0151s\u00e9geir\u0151l h\u00edrhedtt\u00e9 v\u00e1lt Internet Explorer nyugd\u00edjaz\u00e1s\u00e1nak rendk\u00edv\u00fcl csek\u00e9ly gyakorlati jelent\u0151s\u00e9ge lesz, az Adobe Flash t\u00e1mogat\u00e1s\u00e1nak idei megsz\u0171n\u00e9s\u00e9hez hasonl\u00f3an ink\u00e1bb csak jelk\u00e9pes \u00fcgyr\u0151l van sz\u00f3 \u00e9s hivatalosan is lez\u00e1rul vele egy korszak.<\/p>\n\n\n\n<p>Forr\u00e1s: https:\/\/www.origo.hu\/techbazis\/20210520-internet-explorer-11- tamogatas-vege.html<\/p>\n","protected":false},"excerpt":{"rendered":"<p>Huszon\u00f6t \u00e9vvel a legels\u0151 verzi\u00f3j\u00e1nak megjelen\u00e9s\u00e9t k\u00f6vet\u0151en a Microsoft bejelentette az Internet Explorer v\u00e9gleges nyugd\u00edjaz\u00e1s\u00e1t. A t\u00e1j\u00e9koztat\u00e1s szerint a b\u00f6ng\u00e9sz\u0151 t\u00e1mogat\u00e1sa 2022. j\u00fanius 15-\u00e9n sz\u0171nik<\/p>\n","protected":false},"author":4,"featured_media":7814,"comment_status":"closed","ping_status":"closed","sticky":false,"template":"","format":"standard","meta":{"_mi_skip_tracking":false},"categories":[36,700,35,4,30,284,698,702,37,699,701,34,33],"tags":[153,40,917,322,918],"_links":{"self":[{"href":"https:\/\/deltanet.hu\/index.php\/wp-json\/wp\/v2\/posts\/7813"}],"collection":[{"href":"https:\/\/deltanet.hu\/index.php\/wp-json\/wp\/v2\/posts"}],"about":[{"href":"https:\/\/deltanet.hu\/index.php\/wp-json\/wp\/v2\/types\/post"}],"author":[{"embeddable":true,"href":"https:\/\/deltanet.hu\/index.php\/wp-json\/wp\/v2\/users\/4"}],"replies":[{"embeddable":true,"href":"https:\/\/deltanet.hu\/index.php\/wp-json\/wp\/v2\/comments?post=7813"}],"version-history":[{"count":1,"href":"https:\/\/deltanet.hu\/index.php\/wp-json\/wp\/v2\/posts\/7813\/revisions"}],"predecessor-version":[{"id":7815,"href":"https:\/\/deltanet.hu\/index.php\/wp-json\/wp\/v2\/posts\/7813\/revisions\/7815"}],"wp:featuredmedia":[{"embeddable":true,"href":"https:\/\/deltanet.hu\/index.php\/wp-json\/wp\/v2\/media\/7814"}],"wp:attachment":[{"href":"https:\/\/deltanet.hu\/index.php\/wp-json\/wp\/v2\/media?parent=7813"}],"wp:term":[{"taxonomy":"category","embeddable":true,"href":"https:\/\/deltanet.hu\/index.php\/wp-json\/wp\/v2\/categories?post=7813"},{"taxonomy":"post_tag","embeddable":true,"href":"https:\/\/deltanet.hu\/index.php\/wp-json\/wp\/v2\/tags?post=7813"}],"curies":[{"name":"wp","href":"https:\/\/api.w.org\/{rel}","templated":true}]}}