{"id":7878,"date":"2021-06-14T08:48:16","date_gmt":"2021-06-14T06:48:16","guid":{"rendered":"http:\/\/deltanet.hu\/?p=7878"},"modified":"2021-06-14T08:48:19","modified_gmt":"2021-06-14T06:48:19","slug":"gyors-az-5g-de-ez-nem-eleg","status":"publish","type":"post","link":"https:\/\/deltanet.hu\/index.php\/gyors-az-5g-de-ez-nem-eleg\/","title":{"rendered":"Gyors az 5G, de ez nem el\u00e9g"},"content":{"rendered":"\n<p>Hi\u00e1ba gyorsak az 5G-s h\u00e1l\u00f3zatok, enn\u00e9l t\u00f6bbre lesz sz\u00fcks\u00e9g ahhoz, hogy egy k\u00e9sz\u00fcl\u00e9k- vagy tarifav\u00e1lt\u00e1s sor\u00e1n az \u00faj gener\u00e1ci\u00f3s h\u00e1l\u00f3zatok k\u00e9pess\u00e9geit kihaszn\u00e1l\u00f3 megold\u00e1sokat r\u00e9szes\u00edts\u00e9k el\u0151nyben a felhaszn\u00e1l\u00f3k.<\/p>\n\n\n\n<p>Elk\u00e9sz\u00fclt az eddigi legnagyobb, t\u00f6bb mint 1,3 milli\u00e1rd mobilhaszn\u00e1l\u00f3 szok\u00e1sait \u00e9s v\u00e9lem\u00e9ny\u00e9t elemz\u0151 kutat\u00e1s, mely kapcs\u00e1n a sv\u00e9d h\u00e1l\u00f3zati eszk\u00f6z gy\u00e1rt\u00f3 arra tesz javaslatot az ipar\u00e1gi szerepl\u0151knek, hogy mik\u00e9nt tudj\u00e1k a felhaszn\u00e1l\u00f3kkal elfogadtatni az \u00faj gener\u00e1ci\u00f3s, 5G-s h\u00e1l\u00f3zatokat.<\/p>\n\n\n\n<p>A tippekre l\u00e1that\u00f3an sz\u00fcks\u00e9g is van, sz\u00e1mos orsz\u00e1gban ugyanis j\u00f3l l\u00e1tszik, hogy a kezdeti, preszt\u00edzsk\u00e9nt kezelt h\u00e1l\u00f3zat\u00e9p\u00edt\u00e9si projektek lez\u00e1r\u00e1s\u00e1t k\u00f6vet\u0151en az \u00faj gener\u00e1ci\u00f3s h\u00e1l\u00f3zatok \u00e9p\u00edt\u00e9se lelassult.<\/p>\n\n\n\n<p>A tanulm\u00e1ny egyik legfontosabb \u00e1ll\u00edt\u00e1sa, hogy az 5G m\u00e1r most \u00faj felhaszn\u00e1l\u00f3i szok\u00e1sok megjelen\u00e9s\u00e9t eredm\u00e9nyezte, hiszen a korai 5G felhaszn\u00e1l\u00f3k t\u00f6bb id\u0151t t\u00f6ltenek felh\u0151b\u0151l streamelt vide\u00f3j\u00e1t\u00e9kokkal \u00e9s AR-t, m\u00e1s n\u00e9ven kiterjesztett val\u00f3s\u00e1got haszn\u00e1l\u00f3 alkalmaz\u00e1sokkal.<\/p>\n\n\n\n<p>Az \u00faj technol\u00f3gi\u00e1k ir\u00e1nt fog\u00e9konyabb felhaszn\u00e1l\u00f3kn\u00e1l ugyanakkor viszonylag hamar felsz\u00e1ll a r\u00f3zsasz\u00edn k\u00f6d, az 5G felhaszn\u00e1l\u00f3k el\u00e9gedettek a sebess\u00e9ggel, nagyj\u00e1b\u00f3l 70 sz\u00e1zal\u00e9kuk azonban el\u00e9gedetlen az innovat\u00edv szolg\u00e1ltat\u00e1sok \u00e9s az 5G k\u00e9pess\u00e9geit kihaszn\u00e1l\u00f3 \u00faj alkalmaz\u00e1sok el\u00e9rhet\u0151s\u00e9g\u00e9vel.<\/p>\n\n\n\n<p>Pedig bizonyos r\u00e9gi\u00f3kban ak\u00e1r 20-30 sz\u00e1zal\u00e9kkal t\u00f6bbet is fizetn\u00e9nek az \u00fcgyfelek olyan el\u0151fizet\u00e9sek\u00e9rt, amelyekben kifejezetten az 5G-re \u00e9p\u00fcl\u0151 extra szolg\u00e1ltat\u00e1sok is vannak.<\/p>\n\n\n\n<p>Az 5G-s k\u00e9sz\u00fcl\u00e9k v\u00e1lt\u00e1si hajland\u00f3s\u00e1g a nagyobb Eur\u00f3pai piacokon az \u00e1tlagn\u00e1l t\u00f6bbnyire alacsonyabb, r\u00e9szben a kereskedelmi szolg\u00e1ltat\u00e1sok lass\u00fa megjelen\u00e9se, r\u00e9szben az ezt k\u00f6vet\u0151 lass\u00fa h\u00e1l\u00f3zat\u00e9p\u00edt\u00e9s miatt.<\/p>\n\n\n\n<p>Forr\u00e1s: https:\/\/www.hwsw.hu\/hirek\/63365\/5g-consumer-labs-ericsson- kutatas-felmeres-felhasznaloi-szokasok-streaming-gaming-ar-v r.html<\/p>\n","protected":false},"excerpt":{"rendered":"<p>Hi\u00e1ba gyorsak az 5G-s h\u00e1l\u00f3zatok, enn\u00e9l t\u00f6bbre lesz sz\u00fcks\u00e9g ahhoz, hogy egy k\u00e9sz\u00fcl\u00e9k- vagy tarifav\u00e1lt\u00e1s sor\u00e1n az \u00faj gener\u00e1ci\u00f3s h\u00e1l\u00f3zatok k\u00e9pess\u00e9geit kihaszn\u00e1l\u00f3 megold\u00e1sokat r\u00e9szes\u00edts\u00e9k el\u0151nyben<\/p>\n","protected":false},"author":4,"featured_media":7879,"comment_status":"closed","ping_status":"closed","sticky":false,"template":"","format":"standard","meta":{"_mi_skip_tracking":false},"categories":[36,700,35,4,30,284,698,702,37,699,1,701,34,33],"tags":[209,844,180,40,88,948],"_links":{"self":[{"href":"https:\/\/deltanet.hu\/index.php\/wp-json\/wp\/v2\/posts\/7878"}],"collection":[{"href":"https:\/\/deltanet.hu\/index.php\/wp-json\/wp\/v2\/posts"}],"about":[{"href":"https:\/\/deltanet.hu\/index.php\/wp-json\/wp\/v2\/types\/post"}],"author":[{"embeddable":true,"href":"https:\/\/deltanet.hu\/index.php\/wp-json\/wp\/v2\/users\/4"}],"replies":[{"embeddable":true,"href":"https:\/\/deltanet.hu\/index.php\/wp-json\/wp\/v2\/comments?post=7878"}],"version-history":[{"count":1,"href":"https:\/\/deltanet.hu\/index.php\/wp-json\/wp\/v2\/posts\/7878\/revisions"}],"predecessor-version":[{"id":7880,"href":"https:\/\/deltanet.hu\/index.php\/wp-json\/wp\/v2\/posts\/7878\/revisions\/7880"}],"wp:featuredmedia":[{"embeddable":true,"href":"https:\/\/deltanet.hu\/index.php\/wp-json\/wp\/v2\/media\/7879"}],"wp:attachment":[{"href":"https:\/\/deltanet.hu\/index.php\/wp-json\/wp\/v2\/media?parent=7878"}],"wp:term":[{"taxonomy":"category","embeddable":true,"href":"https:\/\/deltanet.hu\/index.php\/wp-json\/wp\/v2\/categories?post=7878"},{"taxonomy":"post_tag","embeddable":true,"href":"https:\/\/deltanet.hu\/index.php\/wp-json\/wp\/v2\/tags?post=7878"}],"curies":[{"name":"wp","href":"https:\/\/api.w.org\/{rel}","templated":true}]}}