{"id":7890,"date":"2021-06-14T09:03:08","date_gmt":"2021-06-14T07:03:08","guid":{"rendered":"http:\/\/deltanet.hu\/?p=7890"},"modified":"2021-06-14T09:03:10","modified_gmt":"2021-06-14T07:03:10","slug":"orakra-elnemultak-a-segelyhivo-szamok","status":"publish","type":"post","link":"https:\/\/deltanet.hu\/index.php\/orakra-elnemultak-a-segelyhivo-szamok\/","title":{"rendered":"\u00d3r\u00e1kra eln\u00e9multak a seg\u00e9lyh\u00edv\u00f3 sz\u00e1mok"},"content":{"rendered":"\n<p>Cs\u00fct\u00f6rt\u00f6k\u00f6n mag\u00e1hoz h\u00edvatta a francia bel\u00fcgyminiszter a legnagyobb helyi t\u00e1vk\u00f6zl\u00e9si c\u00e9g, az Orange vez\u00e9rigazgat\u00f3j\u00e1t, akinek arra kell magyar\u00e1zatot adnia, hogyan fordulhatott el\u0151, hogy szerd\u00e1n d\u00e9lut\u00e1n eg\u00e9sz Franciaorsz\u00e1gban \u00f3r\u00e1kra eln\u00e9multak a seg\u00e9lyh\u00edv\u00f3 vonalak.<\/p>\n\n\n\n<p>Szerd\u00e1n d\u00e9lut\u00e1n s\u00falyos \u00fczemzavar t\u00f6rt\u00e9nt Franciaorsz\u00e1g legnagyobb t\u00e1vk\u00f6zl\u00e9si c\u00e9g\u00e9nek h\u00e1l\u00f3zat\u00e1ban, melynek k\u00f6vetkezt\u00e9ben a v\u00e1llalat \u00e1ltal \u00fczemeltetett orsz\u00e1gos seg\u00e9lyh\u00edv\u00f3rendszer vonalai r\u00e9szlegesen eln\u00e9multak, illetve el\u00e9rhetetlenn\u00e9 v\u00e1ltak.<\/p>\n\n\n\n<p>Az Orange h\u00e1l\u00f3zati probl\u00e9m\u00e1ja miatt helyi tud\u00f3s\u00edt\u00e1sok szerint legal\u00e1bb egy ember \u00e9let\u00e9t vesztette, akihez nem tudtak id\u0151ben seg\u00edts\u00e9get h\u00edvni.<\/p>\n\n\n\n<p>Az \u00fcgy s\u00faly\u00e1t j\u00f3l jelzi, hogy a t\u00e1rsas\u00e1g vez\u00e9rigazgat\u00f3j\u00e1t ma reggelre beh\u00edvatta a francia bel\u00fcgyminiszter, aki a t\u00e1vk\u00f6zl\u00e9si szektort kontroll\u00e1l\u00f3, digit\u00e1lis \u00fcgyek\u00e9rt felel\u0151s miniszterrel k\u00f6z\u00f6sen arra v\u00e1r v\u00e1laszt, hogyan fordulhatott el\u0151 az orsz\u00e1gos kiterjed\u00e9s\u0171 hiba, \u00e9s mi\u00e9rt tartott \u00f3r\u00e1kig annak elh\u00e1r\u00edt\u00e1sa.<\/p>\n\n\n\n<p>A miniszterek ez esetben egyben a tulajdonost is k\u00e9pviselik, az Orange-nak ugyanis 23%-a a francia \u00e1llam tulajdon\u00e1ban van.<\/p>\n\n\n\n<p>A bel\u00fcgyminiszter az esem\u00e9ny elh\u00e1r\u00edt\u00e1sa ut\u00e1ni sajt\u00f3t\u00e1j\u00e9koztat\u00f3j\u00e1n k\u00f6z\u00f6lte, teljesen elfogadhatatlan egy hasonl\u00f3 szint\u0171 h\u00e1l\u00f3zati kies\u00e9s &#8211; a szolg\u00e1ltat\u00f3 sz\u00f3viv\u0151je az \u00fcgy kapcs\u00e1n kifejtette, a seg\u00e9lyh\u00edv\u00f3 rendszerek el\u00e9rhetetlens\u00e9g\u00e9t egy forgalomir\u00e1ny\u00edt\u00f3 eszk\u00f6z meghib\u00e1sod\u00e1sa okozta, a szolg\u00e1ltat\u00e1s helyre\u00e1ll\u00edt\u00e1sa pedig \u00e9jf\u00e9lre fejez\u0151d\u00f6tt be.<\/p>\n\n\n\n<p>A miniszter egy \u00fajs\u00e1g\u00edr\u00f3i k\u00e9rd\u00e9sre k\u00f6z\u00f6lte, az Orange-n\u00e1l egyel\u0151re nem l\u00e1tnak arra utal\u00f3 jelet, hogy kibert\u00e1mad\u00e1s okozta volna a seg\u00e9lyh\u00edv\u00f3rendszer le\u00e1ll\u00e1s\u00e1t, bels\u0151s forr\u00e1sok szerint ennek lehet\u0151s\u00e9g\u00e9t kiz\u00e1rt\u00e1k a szolg\u00e1ltat\u00f3 szakemberei.<\/p>\n\n\n\n<p>Forr\u00e1s: https:\/\/www.hwsw.hu\/hirek\/63347\/orange-france-telecom-seg elyhivo.html<\/p>\n","protected":false},"excerpt":{"rendered":"<p>Cs\u00fct\u00f6rt\u00f6k\u00f6n mag\u00e1hoz h\u00edvatta a francia bel\u00fcgyminiszter a legnagyobb helyi t\u00e1vk\u00f6zl\u00e9si c\u00e9g, az Orange vez\u00e9rigazgat\u00f3j\u00e1t, akinek arra kell magyar\u00e1zatot adnia, hogyan fordulhatott el\u0151, hogy szerd\u00e1n d\u00e9lut\u00e1n<\/p>\n","protected":false},"author":4,"featured_media":7891,"comment_status":"closed","ping_status":"closed","sticky":false,"template":"","format":"standard","meta":{"_mi_skip_tracking":false},"categories":[700,35,4,284,698,702,37,699,701,34,33],"tags":[954,40,110,135],"_links":{"self":[{"href":"https:\/\/deltanet.hu\/index.php\/wp-json\/wp\/v2\/posts\/7890"}],"collection":[{"href":"https:\/\/deltanet.hu\/index.php\/wp-json\/wp\/v2\/posts"}],"about":[{"href":"https:\/\/deltanet.hu\/index.php\/wp-json\/wp\/v2\/types\/post"}],"author":[{"embeddable":true,"href":"https:\/\/deltanet.hu\/index.php\/wp-json\/wp\/v2\/users\/4"}],"replies":[{"embeddable":true,"href":"https:\/\/deltanet.hu\/index.php\/wp-json\/wp\/v2\/comments?post=7890"}],"version-history":[{"count":1,"href":"https:\/\/deltanet.hu\/index.php\/wp-json\/wp\/v2\/posts\/7890\/revisions"}],"predecessor-version":[{"id":7892,"href":"https:\/\/deltanet.hu\/index.php\/wp-json\/wp\/v2\/posts\/7890\/revisions\/7892"}],"wp:featuredmedia":[{"embeddable":true,"href":"https:\/\/deltanet.hu\/index.php\/wp-json\/wp\/v2\/media\/7891"}],"wp:attachment":[{"href":"https:\/\/deltanet.hu\/index.php\/wp-json\/wp\/v2\/media?parent=7890"}],"wp:term":[{"taxonomy":"category","embeddable":true,"href":"https:\/\/deltanet.hu\/index.php\/wp-json\/wp\/v2\/categories?post=7890"},{"taxonomy":"post_tag","embeddable":true,"href":"https:\/\/deltanet.hu\/index.php\/wp-json\/wp\/v2\/tags?post=7890"}],"curies":[{"name":"wp","href":"https:\/\/api.w.org\/{rel}","templated":true}]}}