{"id":7906,"date":"2021-06-21T09:16:20","date_gmt":"2021-06-21T07:16:20","guid":{"rendered":"http:\/\/deltanet.hu\/?p=7906"},"modified":"2021-06-21T09:16:22","modified_gmt":"2021-06-21T07:16:22","slug":"2030-ra-itt-a-6g","status":"publish","type":"post","link":"https:\/\/deltanet.hu\/index.php\/2030-ra-itt-a-6g\/","title":{"rendered":"2030-ra itt a 6G"},"content":{"rendered":"\n<p>\u00c9ppen csak, hogy az 5G mobilh\u00e1l\u00f3zat be\u00e9p\u00fclt a k\u00f6ztudatba, megv\u00edvva elfogadotts\u00e1g\u00e1t, a fejleszt\u00e9sek itt nem \u00e1llnak meg. A technol\u00f3giai \u00f3ri\u00e1sok m\u00e1r dolgoznak az \u00fajgener\u00e1ci\u00f3s, vezet\u00e9k n\u00e9lk\u00fcli t\u00e1vk\u00f6zl\u00e9si technol\u00f3gi\u00e1n, a 6G-n.<\/p>\n\n\n\n<p>Az 5G kifejleszt\u00e9se els\u0151sorban az \u0171rkutat\u00e1snak k\u00f6sz\u00f6nhet\u0151en indult el. A c\u00e9lja az volt, hogy vezet\u00e9k n\u00e9lk\u00fcli, kis energiafogyaszt\u00e1s\u00fa, de nagy adat\u00e1tviteli k\u00e9pess\u00e9g\u0171 legyen.<\/p>\n\n\n\n<p>Az \u00e1tlag fogyaszt\u00f3 ebb\u0151l legink\u00e1bb az \u00faj mobilk\u00e9sz\u00fcl\u00e9kek megjelen\u00e9s\u00e9t tapasztalja, mely az 5G eset\u00e9ben sokkal szerencs\u00e9sebben alakul, mint a 3G \u00e9s 4G eset\u00e9ben. Ez val\u00f3sz\u00edn\u0171leg k\u00f6sz\u00f6nhet\u0151 annak, hogy a t\u00e1rsadalom m\u00e1r sokkal ink\u00e1bb \u00e9rti a konstrukci\u00f3 jelent\u0151s\u00e9g\u00e9t \u00e9s kihaszn\u00e1lhat\u00f3s\u00e1g\u00e1t.<\/p>\n\n\n\n<p>A British Telecom mobilit\u00e1si kutat\u00e1sai\u00e9rt felel\u0151se szerint a 6G-nek ink\u00e1bb evol\u00faci\u00f3nak kell lennie, mintsem egy \u00faj gener\u00e1ci\u00f3nak.<\/p>\n\n\n\n<p>Sokkal fokozatosabb folyamatokra lenne sz\u00fcks\u00e9g, mint a jelenlegiek. A gener\u00e1ci\u00f3v\u00e1lt\u00e1sok t\u00edz\u00e9ves ciklusokban t\u00f6rt\u00e9ntek, melyeknek j\u00f3 okai voltak, de ez nem azt jelenti, hogy a j\u00f6v\u0151ben is ugyanazt a mint\u00e1t kellene k\u00f6vetn\u00fcnk.<\/p>\n\n\n\n<p>A friss\u00edtett 5G h\u00e1l\u00f3zat nagyj\u00e1b\u00f3l k\u00e9tszer annyi energi\u00e1t fogyaszt, mint el\u0151dje. Az energiafogyaszt\u00e1s kezel\u00e9s\u00e9ben csak nagy v\u00e1ltoztat\u00e1sok \u00e1r\u00e1n lehet eredm\u00e9nyre jutni, ez pedig a csomagok \u00e9s bitek \u00fajrak\u00f3dol\u00e1s\u00e1t jelenten\u00e9, ami hatalmas friss\u00edt\u00e9st eszk\u00f6z\u00f6lne a b\u00e1zis\u00e1llom\u00e1sokon. Tov\u00e1bbi probl\u00e9m\u00e1t okoz az is, hogy a bitek eleve t\u00fal sok m\u00e9rf\u00f6ldet tesznek meg.<\/p>\n\n\n\n<p>\u00dagy gondolja, hogy a 6G ki\u00e9p\u00edt\u00e9s\u00e9hez elengedhetetlen a fenntarthat\u00f3 szeml\u00e9let, a bolyg\u00f3 nem l\u00e1thatja k\u00e1r\u00e1t a technol\u00f3giai fejl\u0151d\u00e9snek.<\/p>\n\n\n\n<p>Forr\u00e1s: https:\/\/makronom.mandiner.hu\/cikk\/20210610_a_pandemia_bi zonyos_teruleteket_lelassitott_de_nem_a_technologiat_2030_ra _itt_a_6g<\/p>\n","protected":false},"excerpt":{"rendered":"<p>\u00c9ppen csak, hogy az 5G mobilh\u00e1l\u00f3zat be\u00e9p\u00fclt a k\u00f6ztudatba, megv\u00edvva elfogadotts\u00e1g\u00e1t, a fejleszt\u00e9sek itt nem \u00e1llnak meg. A technol\u00f3giai \u00f3ri\u00e1sok m\u00e1r dolgoznak az \u00fajgener\u00e1ci\u00f3s, vezet\u00e9k<\/p>\n","protected":false},"author":4,"featured_media":7907,"comment_status":"closed","ping_status":"closed","sticky":false,"template":"","format":"standard","meta":{"_mi_skip_tracking":false},"categories":[36,700,35,4,30,284,698,702,37,699,1,701,34,33],"tags":[447,40,88,487,967],"_links":{"self":[{"href":"https:\/\/deltanet.hu\/index.php\/wp-json\/wp\/v2\/posts\/7906"}],"collection":[{"href":"https:\/\/deltanet.hu\/index.php\/wp-json\/wp\/v2\/posts"}],"about":[{"href":"https:\/\/deltanet.hu\/index.php\/wp-json\/wp\/v2\/types\/post"}],"author":[{"embeddable":true,"href":"https:\/\/deltanet.hu\/index.php\/wp-json\/wp\/v2\/users\/4"}],"replies":[{"embeddable":true,"href":"https:\/\/deltanet.hu\/index.php\/wp-json\/wp\/v2\/comments?post=7906"}],"version-history":[{"count":1,"href":"https:\/\/deltanet.hu\/index.php\/wp-json\/wp\/v2\/posts\/7906\/revisions"}],"predecessor-version":[{"id":7908,"href":"https:\/\/deltanet.hu\/index.php\/wp-json\/wp\/v2\/posts\/7906\/revisions\/7908"}],"wp:featuredmedia":[{"embeddable":true,"href":"https:\/\/deltanet.hu\/index.php\/wp-json\/wp\/v2\/media\/7907"}],"wp:attachment":[{"href":"https:\/\/deltanet.hu\/index.php\/wp-json\/wp\/v2\/media?parent=7906"}],"wp:term":[{"taxonomy":"category","embeddable":true,"href":"https:\/\/deltanet.hu\/index.php\/wp-json\/wp\/v2\/categories?post=7906"},{"taxonomy":"post_tag","embeddable":true,"href":"https:\/\/deltanet.hu\/index.php\/wp-json\/wp\/v2\/tags?post=7906"}],"curies":[{"name":"wp","href":"https:\/\/api.w.org\/{rel}","templated":true}]}}