{"id":7909,"date":"2021-06-21T09:55:06","date_gmt":"2021-06-21T07:55:06","guid":{"rendered":"http:\/\/deltanet.hu\/?p=7909"},"modified":"2021-06-21T09:55:08","modified_gmt":"2021-06-21T07:55:08","slug":"2025-ben-nyugdijba-megy-a-windows-10","status":"publish","type":"post","link":"https:\/\/deltanet.hu\/index.php\/2025-ben-nyugdijba-megy-a-windows-10\/","title":{"rendered":"2025-ben nyugd\u00edjba megy a Windows 10"},"content":{"rendered":"\n<p>A Microsoft 2025. okt\u00f3ber 14-ig biztosan t\u00e1mogatja a Windows 10 Home, Pro, Pro Education, illetve a Pro for Workstations verzi\u00f3it, der\u00fclt ki a frissen k\u00f6zz\u00e9tett adatokb\u00f3l.<\/p>\n\n\n\n<p>Ez b\u0151 10 \u00e9ves \u00e9letciklust jelent, a Windows 10-et ugyanis k\u00f6zel hat \u00e9ve, 2015. j\u00falius 29-\u00e9n mutatta be a nagyv\u00e1llalat.<\/p>\n\n\n\n<p>Az inform\u00e1ci\u00f3 annak f\u00e9ny\u00e9ben m\u00e1r kev\u00e9sb\u00e9 meglep\u0151, hogy a m\u00e1jus v\u00e9gi konferenci\u00e1n a Microsoft eln\u00f6k-vez\u00e9rigazgat\u00f3ja m\u00e1r a k\u00f6vetkez\u0151 gener\u00e1ci\u00f3s Windowsr\u00f3l besz\u00e9lt, aki akkor elhintette, hogy a k\u00f6zelj\u00f6v\u0151ben bejelentik a Windows oper\u00e1ci\u00f3s rendszer k\u00f6vetkez\u0151 gener\u00e1ci\u00f3j\u00e1t.<\/p>\n\n\n\n<p>A sejtelmes szavak alapj\u00e1n a piac az elm\u00falt \u00e9vtized legnagyobb fejleszt\u00e9s\u00e9re sz\u00e1m\u00edthat, amelyb\u0151l a fejleszt\u0151k \u00e9s a tartalomgy\u00e1rt\u00f3k is sokat profit\u00e1lhatnak.<\/p>\n\n\n\n<p>N\u00e9h\u00e1ny nappal k\u00e9s\u0151bb a bejelent\u00e9s d\u00e1tum\u00e1ra is f\u00e9ny der\u00fclt, a Microsoft ugyanis j\u00fanius 24-\u00e9n, azaz \u00e9ppen a mai napon tart online bemutat\u00f3t az oper\u00e1ci\u00f3s rendszer tov\u00e1bbfejleszt\u00e9s\u00e9r\u0151l.<\/p>\n\n\n\n<p>Arr\u00f3l egyel\u0151re csak tal\u00e1lgatni lehet, hogy pontosan milyen form\u00e1ban vagy pontosan miben \u00fajul meg a k\u00f6vetkez\u0151 Windows verzi\u00f3, az elv\u00e1r\u00e1sok alapj\u00e1n azonban a felhaszn\u00e1l\u00f3i fel\u00fcletet \u00e9s a Windows Store-t is komolyabban \u00e1tszabhatja a Microsoft, a kor trendjeinek \u00e9s ig\u00e9nyeinek megfelel\u0151en.<\/p>\n\n\n\n<p>Id\u0151k\u00f6zben a v\u00e1llalat a Windows YouTube csatorn\u00e1j\u00e1n k\u00f6zz\u00e9tett egy remixet, amelyben az eddigi Windows ind\u00edt\u00e1si hangokat szedt\u00e9k egyetlen remixbe, pontosan 11 perc hossz\u00fas\u00e1gban.<\/p>\n\n\n\n<p>A Microsoft kor\u00e1bbi kommunik\u00e1ci\u00f3ja alapj\u00e1n ez id\u00e1ig t\u00f6bben \u00fagy gondolhatt\u00e1k, hogy a Windows 10 lesz az oper\u00e1ci\u00f3s rendszer utols\u00f3 f\u0151 verzi\u00f3ja. Az oper\u00e1ci\u00f3s rendszer nem lett hagyom\u00e1nyos \u00e9rtelemben vett fix szoftvercsomag, azt folyamatosan, \u00e9vente k\u00e9tszer kisebb-nagyobb friss\u00edt\u00e9sekkel moderniz\u00e1lja a szoftverh\u00e1z.<\/p>\n\n\n\n<p>Forr\u00e1s: https:\/\/www.hwsw.hu\/hirek\/63389\/microsoft-windows-10-tam ogatas-support-eletciklus-vege-11.html<\/p>\n","protected":false},"excerpt":{"rendered":"<p>A Microsoft 2025. okt\u00f3ber 14-ig biztosan t\u00e1mogatja a Windows 10 Home, Pro, Pro Education, illetve a Pro for Workstations verzi\u00f3it, der\u00fclt ki a frissen k\u00f6zz\u00e9tett<\/p>\n","protected":false},"author":4,"featured_media":7910,"comment_status":"closed","ping_status":"closed","sticky":false,"template":"","format":"standard","meta":{"_mi_skip_tracking":false},"categories":[700,35,4,30,284,698,702,37,699,1,701,34,33],"tags":[40,916,871,968],"_links":{"self":[{"href":"https:\/\/deltanet.hu\/index.php\/wp-json\/wp\/v2\/posts\/7909"}],"collection":[{"href":"https:\/\/deltanet.hu\/index.php\/wp-json\/wp\/v2\/posts"}],"about":[{"href":"https:\/\/deltanet.hu\/index.php\/wp-json\/wp\/v2\/types\/post"}],"author":[{"embeddable":true,"href":"https:\/\/deltanet.hu\/index.php\/wp-json\/wp\/v2\/users\/4"}],"replies":[{"embeddable":true,"href":"https:\/\/deltanet.hu\/index.php\/wp-json\/wp\/v2\/comments?post=7909"}],"version-history":[{"count":1,"href":"https:\/\/deltanet.hu\/index.php\/wp-json\/wp\/v2\/posts\/7909\/revisions"}],"predecessor-version":[{"id":7911,"href":"https:\/\/deltanet.hu\/index.php\/wp-json\/wp\/v2\/posts\/7909\/revisions\/7911"}],"wp:featuredmedia":[{"embeddable":true,"href":"https:\/\/deltanet.hu\/index.php\/wp-json\/wp\/v2\/media\/7910"}],"wp:attachment":[{"href":"https:\/\/deltanet.hu\/index.php\/wp-json\/wp\/v2\/media?parent=7909"}],"wp:term":[{"taxonomy":"category","embeddable":true,"href":"https:\/\/deltanet.hu\/index.php\/wp-json\/wp\/v2\/categories?post=7909"},{"taxonomy":"post_tag","embeddable":true,"href":"https:\/\/deltanet.hu\/index.php\/wp-json\/wp\/v2\/tags?post=7909"}],"curies":[{"name":"wp","href":"https:\/\/api.w.org\/{rel}","templated":true}]}}