{"id":8051,"date":"2021-07-05T10:00:58","date_gmt":"2021-07-05T08:00:58","guid":{"rendered":"http:\/\/deltanet.hu\/?p=8051"},"modified":"2021-07-05T10:01:01","modified_gmt":"2021-07-05T08:01:01","slug":"atalakul-az-instagram-mukodese","status":"publish","type":"post","link":"https:\/\/deltanet.hu\/index.php\/atalakul-az-instagram-mukodese\/","title":{"rendered":"\u00c1talakul az Instagram m\u0171k\u00f6d\u00e9se"},"content":{"rendered":"\n<p>El\u00e9rhet\u0151v\u00e9 v\u00e1l\u00e1s\u00e1t k\u00f6vet\u0151en egy \u00e9vtizeddel jelent\u0151s profilv\u00e1lt\u00e1st jelentett be a Facebook tulajdon\u00e1ban l\u00e9v\u0151 Instagram vezet\u0151je.<\/p>\n\n\n\n<p>A c\u00e9g m\u0171k\u00f6d\u00e9s\u00e9t firtat\u00f3, a Twitteren publik\u00e1lt vide\u00f3sorozat\u00e1nak leg\u00fajabb r\u00e9sz\u00e9ben k\u00f6z\u00f6lte, hogy most m\u00e1r nem k\u00e9pmegoszt\u00f3r\u00f3l, hanem egy sz\u00f3rakoztat\u00e1si c\u00e9l\u00fa szolg\u00e1ltat\u00e1sr\u00f3l van sz\u00f3.<\/p>\n\n\n\n<p>Elmond\u00e1sa szerint az Instagram mostant\u00f3l bevallottan a tartalomk\u00e9sz\u00edt\u0151kre, a vide\u00f3s tartalmakra, a v\u00e1s\u00e1rl\u00e1si szolg\u00e1ltat\u00e1sokra, tov\u00e1bb\u00e1 az \u00fczenetk\u00fcld\u00e9sre f\u00f3kusz\u00e1l.<\/p>\n\n\n\n<p>A j\u00f6v\u0151ben t\u00f6bb olyan funkci\u00f3t is bevezet majd a c\u00e9g, amelynek k\u00f6zpontj\u00e1ban els\u0151sorban a vide\u00f3k \u00e1llnak. Ilyen p\u00e9ld\u00e1ul a teljes k\u00e9perny\u0151s, mobilra optimaliz\u00e1lt tartalmak megjelen\u00edt\u00e9se, de az id\u0151vonalon is t\u00f6bb lesz majd a vide\u00f3s kontent.<\/p>\n\n\n\n<p>A kor\u00e1bbi m\u0171k\u00f6d\u00e9shez k\u00e9pest az egyik legnagyobb \u00fajdons\u00e1g az lehet, hogy olyan felhaszn\u00e1l\u00f3k tartalmai is megjelenhetek, akiket egy\u00e9bk\u00e9nt a felhaszn\u00e1l\u00f3 nem is k\u00f6vet.<\/p>\n\n\n\n<p>Ennek a profilv\u00e1lt\u00e1snak m\u00e1r az idei \u00e9v m\u00e1sodik fel\u00e9ben l\u00e1tv\u00e1nyos jelei lesznek, a h\u00e1tt\u00e9rben rengeteg fejleszt\u00e9sen \u00e9s v\u00e1ltoztat\u00e1son dolgoznak az illet\u00e9kesek.<\/p>\n\n\n\n<p>A bejelent\u00e9s val\u00f3sz\u00edn\u0171leg keveseket \u00e9rt \u0151szinte meglepet\u00e9sk\u00e9nt, hiszen az Instagram mindig is pr\u00f3b\u00e1lta k\u00f6vetni az \u00e9ppen aktu\u00e1lis k\u00f6z\u00f6ss\u00e9gi m\u00e9di\u00e1s trendeket.<\/p>\n\n\n\n<p>A c\u00e9g neveket sem f\u00e9lt mondani, \u00e1ll\u00edt\u00e1suk szerint els\u0151sorban a YouTube-hoz \u00e9s a TikTokhoz hasonl\u00f3 megold\u00e1ss\u00e1 k\u00edv\u00e1n v\u00e1lni az Instagram.<\/p>\n\n\n\n<p>Ett\u0151l f\u00fcggetlen\u00fcl a felhaszn\u00e1l\u00f3k tov\u00e1bbra is k\u00e9pesek lesznek a klasszikus m\u00f3don fot\u00f3kat megosztani rajta, de a bel\u00e1that\u00f3 j\u00f6v\u0151t\u0151l kezdve a tervek szerint m\u00e1r nem ez lesz a szolg\u00e1ltat\u00e1s f\u00f3kusz\u00e1ban.<\/p>\n\n\n\n<p>Forr\u00e1s: https:\/\/www.origo.hu\/techbazis\/20210702-instagram-nem-kep megoszto.html<\/p>\n","protected":false},"excerpt":{"rendered":"<p>El\u00e9rhet\u0151v\u00e9 v\u00e1l\u00e1s\u00e1t k\u00f6vet\u0151en egy \u00e9vtizeddel jelent\u0151s profilv\u00e1lt\u00e1st jelentett be a Facebook tulajdon\u00e1ban l\u00e9v\u0151 Instagram vezet\u0151je. A c\u00e9g m\u0171k\u00f6d\u00e9s\u00e9t firtat\u00f3, a Twitteren publik\u00e1lt vide\u00f3sorozat\u00e1nak leg\u00fajabb r\u00e9sz\u00e9ben<\/p>\n","protected":false},"author":4,"featured_media":8052,"comment_status":"closed","ping_status":"closed","sticky":false,"template":"","format":"standard","meta":{"_mi_skip_tracking":false},"categories":[36,700,35,4,30,284,698,702,37,699,1,701,34,33],"tags":[66,40,69,1011,99,1012],"_links":{"self":[{"href":"https:\/\/deltanet.hu\/index.php\/wp-json\/wp\/v2\/posts\/8051"}],"collection":[{"href":"https:\/\/deltanet.hu\/index.php\/wp-json\/wp\/v2\/posts"}],"about":[{"href":"https:\/\/deltanet.hu\/index.php\/wp-json\/wp\/v2\/types\/post"}],"author":[{"embeddable":true,"href":"https:\/\/deltanet.hu\/index.php\/wp-json\/wp\/v2\/users\/4"}],"replies":[{"embeddable":true,"href":"https:\/\/deltanet.hu\/index.php\/wp-json\/wp\/v2\/comments?post=8051"}],"version-history":[{"count":1,"href":"https:\/\/deltanet.hu\/index.php\/wp-json\/wp\/v2\/posts\/8051\/revisions"}],"predecessor-version":[{"id":8053,"href":"https:\/\/deltanet.hu\/index.php\/wp-json\/wp\/v2\/posts\/8051\/revisions\/8053"}],"wp:featuredmedia":[{"embeddable":true,"href":"https:\/\/deltanet.hu\/index.php\/wp-json\/wp\/v2\/media\/8052"}],"wp:attachment":[{"href":"https:\/\/deltanet.hu\/index.php\/wp-json\/wp\/v2\/media?parent=8051"}],"wp:term":[{"taxonomy":"category","embeddable":true,"href":"https:\/\/deltanet.hu\/index.php\/wp-json\/wp\/v2\/categories?post=8051"},{"taxonomy":"post_tag","embeddable":true,"href":"https:\/\/deltanet.hu\/index.php\/wp-json\/wp\/v2\/tags?post=8051"}],"curies":[{"name":"wp","href":"https:\/\/api.w.org\/{rel}","templated":true}]}}