{"id":8093,"date":"2021-07-12T09:07:51","date_gmt":"2021-07-12T07:07:51","guid":{"rendered":"http:\/\/deltanet.hu\/?p=8093"},"modified":"2021-07-12T09:38:14","modified_gmt":"2021-07-12T07:38:14","slug":"kiboritja-az-alexakat-az-amazon-alexaja","status":"publish","type":"post","link":"https:\/\/deltanet.hu\/index.php\/kiboritja-az-alexakat-az-amazon-alexaja\/","title":{"rendered":"Kibor\u00edtja az Alex\u00e1kat az Amazon Alex\u00e1ja"},"content":{"rendered":"\n<p>T\u00f6bb amerikai sz\u00fcl\u0151 arr\u00f3l panaszkodott, hogy Alexa nev\u0171 gyermek\u00e9t primit\u00edv viccekkel zaklatj\u00e1k az iskol\u00e1ban, mivel az Amazon digit\u00e1lis asszisztens\u00e9t is \u00edgy h\u00edvj\u00e1k. A kiskereskedelmi \u00f3ri\u00e1s Alex\u00e1ja r\u00e1ad\u00e1sul az \u00e9l\u0151 besz\u00e9det is meg\u00e9rti, \u00e9s a k\u00fcl\u00f6nb\u00f6z\u0151 parancsokra reag\u00e1l.<\/p>\n\n\n\n<p>A BBC szerint f\u0151k\u00e9nt emiatt durvul el a helyzet, ugyanis n\u00e9h\u00e1ny int\u00e9zm\u00e9nyben az Alexa nev\u0171 di\u00e1kokat is hasonl\u00f3 parancsolgat\u00e1ssal cukkolj\u00e1k.<\/p>\n\n\n\n<p>A helyzet od\u00e1ig fajult, hogy az elkeseredett sz\u00fcl\u0151k hivatalos megkeres\u00e9st k\u00fcldtek az Amazonnak, hogy az lehet\u0151s\u00e9g szerint v\u00e1ltoztassa meg az asszisztens nev\u00e9t egy nem emberi n\u00e9vre.<\/p>\n\n\n\n<p>A c\u00e9g reakci\u00f3j\u00e1ban mind\u00f6ssze annyit k\u00f6z\u00f6lt, m\u00e9lyen elkeser\u00edtette \u0151ket, hogy ilyen megt\u00f6rt\u00e9nhetett. Hozz\u00e1tett\u00e9k ugyanakkor, hogy a rendszert nem k\u00f6telez\u0151 Alexa megsz\u00f3l\u00edt\u00e1ssal haszn\u00e1lni, a vez\u00e9rsz\u00f3 ugyanis m\u00f3dos\u00edthat\u00f3.<\/p>\n\n\n\n<p>A BBC id\u00e9zi egy Heatherk\u00e9nt azonos\u00edtott sz\u00fcl\u0151 panasz\u00e1t, aki azt mondta, hogy tin\u00e9dzser kor\u00fa gyermek\u00e9t hosszabb ideje zaklatj\u00e1k di\u00e1kt\u00e1rsai \u00e9s olykor tan\u00e1rai is.<\/p>\n\n\n\n<p>Elmond\u00e1sa szerint az int\u00e9zm\u00e9ny egy\u00e1ltal\u00e1n nem volt seg\u00edt\u0151k\u00e9sz, \u00e9s azzal h\u00e1r\u00edtottak, hogy a gyermeknek meg kell tanulnia egy\u00fctt \u00e9lni ezzel. A sz\u00fcl\u0151k azonban nem hagyt\u00e1k annyiban, \u00e9s ink\u00e1bb kivett\u00e9k a gyermeket az iskol\u00e1b\u00f3l, hogy egy m\u00e1sik int\u00e9zm\u00e9nyben kezdhessen \u00faj \u00e9letet. Biztos, ami biztos, m\u00e9g a nev\u00e9t is megv\u00e1ltoztatt\u00e1k.<\/p>\n\n\n\n<p>A sz\u00fcl\u0151 azzal v\u00e1dolta az Amazont, hogy nem v\u00e9geztek alapos etikai kutat\u00e1st, amikor az Alexa nevet v\u00e1lasztott\u00e1k.<\/p>\n\n\n\n<p>Egy amerikai \u00e1llamban id\u0151k\u00f6zben kamp\u00e1ny is indult, melynek c\u00e9lja, hogy az Alexa nevet ne k\u00f6ss\u00e9k azonnal az Amazon term\u00e9k\u00e9hez, hiszen az egy emberi n\u00e9v. A f\u0151szervez\u0151 azonban \u00fagy v\u00e9li, hogy az alex\u00e1z\u00e1s m\u00e1ra gonosz tr\u00e9f\u00e1k t\u00e1rgya lett.<\/p>\n\n\n\n<p>Forr\u00e1s: https:\/\/hvg.hu\/tudomany\/20210707_amazon_alexa_digitalis_a sszisztens<\/p>\n","protected":false},"excerpt":{"rendered":"<p>T\u00f6bb amerikai sz\u00fcl\u0151 arr\u00f3l panaszkodott, hogy Alexa nev\u0171 gyermek\u00e9t primit\u00edv viccekkel zaklatj\u00e1k az iskol\u00e1ban, mivel az Amazon digit\u00e1lis asszisztens\u00e9t is \u00edgy h\u00edvj\u00e1k. A kiskereskedelmi \u00f3ri\u00e1s<\/p>\n","protected":false},"author":4,"featured_media":8098,"comment_status":"closed","ping_status":"closed","sticky":false,"template":"","format":"standard","meta":{"_mi_skip_tracking":false},"categories":[36,35,4,30,284,37,34,33],"tags":[1024,40,219],"_links":{"self":[{"href":"https:\/\/deltanet.hu\/index.php\/wp-json\/wp\/v2\/posts\/8093"}],"collection":[{"href":"https:\/\/deltanet.hu\/index.php\/wp-json\/wp\/v2\/posts"}],"about":[{"href":"https:\/\/deltanet.hu\/index.php\/wp-json\/wp\/v2\/types\/post"}],"author":[{"embeddable":true,"href":"https:\/\/deltanet.hu\/index.php\/wp-json\/wp\/v2\/users\/4"}],"replies":[{"embeddable":true,"href":"https:\/\/deltanet.hu\/index.php\/wp-json\/wp\/v2\/comments?post=8093"}],"version-history":[{"count":2,"href":"https:\/\/deltanet.hu\/index.php\/wp-json\/wp\/v2\/posts\/8093\/revisions"}],"predecessor-version":[{"id":8099,"href":"https:\/\/deltanet.hu\/index.php\/wp-json\/wp\/v2\/posts\/8093\/revisions\/8099"}],"wp:featuredmedia":[{"embeddable":true,"href":"https:\/\/deltanet.hu\/index.php\/wp-json\/wp\/v2\/media\/8098"}],"wp:attachment":[{"href":"https:\/\/deltanet.hu\/index.php\/wp-json\/wp\/v2\/media?parent=8093"}],"wp:term":[{"taxonomy":"category","embeddable":true,"href":"https:\/\/deltanet.hu\/index.php\/wp-json\/wp\/v2\/categories?post=8093"},{"taxonomy":"post_tag","embeddable":true,"href":"https:\/\/deltanet.hu\/index.php\/wp-json\/wp\/v2\/tags?post=8093"}],"curies":[{"name":"wp","href":"https:\/\/api.w.org\/{rel}","templated":true}]}}