{"id":8354,"date":"2021-07-26T09:08:07","date_gmt":"2021-07-26T07:08:07","guid":{"rendered":"http:\/\/deltanet.hu\/?p=8354"},"modified":"2021-07-26T09:08:08","modified_gmt":"2021-07-26T07:08:08","slug":"itt-a-microsoft-uj-felho-alapu-rendszere","status":"publish","type":"post","link":"https:\/\/deltanet.hu\/index.php\/itt-a-microsoft-uj-felho-alapu-rendszere\/","title":{"rendered":"Itt a Microsoft \u00faj felh\u0151 alap\u00fa rendszere"},"content":{"rendered":"\n<p>A Microsoft hivatalosan is bejelentette \u00faj szolg\u00e1ltat\u00e1s\u00e1t, ami havid\u00edj\u00e9rt k\u00edn\u00e1l majd hozz\u00e1f\u00e9r\u00e9st egy felh\u0151ben m\u0171k\u00f6d\u0151, t\u00f6bbf\u00e9le szoftverrel rendelkez\u0151 sz\u00e1m\u00edt\u00f3g\u00e9phez.<\/p>\n\n\n\n<p>A fejleszt\u00e9s f\u0151k\u00e9nt azoknak jelenthet seg\u00edts\u00e9get, akiknek nincs lehet\u0151s\u00e9g\u00fck modern programok futtat\u00e1s\u00e1ra. P\u00e9ld\u00e1ul az\u00e9rt, mert az otthoni g\u00e9p nem k\u00e9pes r\u00e1, \u00fajat pedig nem tudnak v\u00e1s\u00e1rolni.<\/p>\n\n\n\n<p>A Windows 365 n\u00e9ven \u00e9rkez\u0151 \u00fajdons\u00e1g legfontosabb el\u0151nye, hogy az \u00e9v minden napj\u00e1n, \u00e9jjel-nappal \u00fczemel majd. Az el\u0151fizet\u0151k ennek megfelel\u0151en b\u00e1rmikor r\u00e1csatlakozhatnak, \u00e9s addig haszn\u00e1lhatj\u00e1k, ameddig akarj\u00e1k.<\/p>\n\n\n\n<p>Az eg\u00e9sz teh\u00e1t olyasmi lesz, mint egy rendes, otthoni sz\u00e1m\u00edt\u00f3g\u00e9p, azzal a k\u00fcl\u00f6nbs\u00e9ggel, hogy a rendszert a Microsoft t\u00e1voli szerverei m\u0171k\u00f6dtetik.<\/p>\n\n\n\n<p>Mivel az eg\u00e9sz fel\u00fclet a felh\u0151ben lesz el\u00e9rhet\u0151, a rendszeren l\u00e9v\u0151 adatok sem helyben t\u00e1rol\u00f3dnak majd, hanem a Microsoft platformj\u00e1n.<\/p>\n\n\n\n<p>Ezzel kapcsolatban a redmondi c\u00e9g azt \u00edg\u00e9rte, hogy a lehet\u0151 legkorszer\u0171bb v\u00e9delemre t\u00f6rekednek, a bel\u00e9p\u00e9shez pedig sokf\u00e9le azonos\u00edt\u00e1si lehet\u0151s\u00e9get vehetnek majd ig\u00e9nybe a felhaszn\u00e1l\u00f3k.<\/p>\n\n\n\n<p>A Windows 365 tov\u00e1bbi el\u0151nye a Microsoft szerint, hogy a rendszerrel kapcsolatos karbantart\u00e1si \u00e9s friss\u00edt\u00e9si feladatok is leker\u00fclnek az ember v\u00e1ll\u00e1r\u00f3l.<\/p>\n\n\n\n<p>Magyar\u00e1n: minden ilyet a m\u00e1sik oldal int\u00e9z majd, az egy\u00e9nnek pedig csup\u00e1n annyi a dolga, hogy \u00e9lvezze a b\u00e9relt szolg\u00e1ltat\u00e1s funkci\u00f3it.<\/p>\n\n\n\n<p>Azt egy\u00e9bk\u00e9nt m\u00e9g nem tudni, hogy pontosan milyen k\u00f6lts\u00e9gekkel lehet majd ig\u00e9nybe venni a felh\u0151alap\u00fa Windowst, de azt m\u00e1r igen, hogy szinte mindenen m\u0171k\u00f6dni fog, m\u00e9g mobilr\u00f3l is. A rendszer augusztus 2-\u00e1n deb\u00fct\u00e1l.<\/p>\n\n\n\n<p>Forr\u00e1s: https:\/\/hvg.hu\/tudomany\/20210715_microsoft_windows_365_ cloud_pc<\/p>\n","protected":false},"excerpt":{"rendered":"<p>A Microsoft hivatalosan is bejelentette \u00faj szolg\u00e1ltat\u00e1s\u00e1t, ami havid\u00edj\u00e9rt k\u00edn\u00e1l majd hozz\u00e1f\u00e9r\u00e9st egy felh\u0151ben m\u0171k\u00f6d\u0151, t\u00f6bbf\u00e9le szoftverrel rendelkez\u0151 sz\u00e1m\u00edt\u00f3g\u00e9phez. A fejleszt\u00e9s f\u0151k\u00e9nt azoknak jelenthet seg\u00edts\u00e9get,<\/p>\n","protected":false},"author":4,"featured_media":8355,"comment_status":"closed","ping_status":"closed","sticky":false,"template":"","format":"standard","meta":{"_mi_skip_tracking":false},"categories":[700,35,4,30,284,698,702,37,699,1,701,34,33],"tags":[628,40,916,1046],"_links":{"self":[{"href":"https:\/\/deltanet.hu\/index.php\/wp-json\/wp\/v2\/posts\/8354"}],"collection":[{"href":"https:\/\/deltanet.hu\/index.php\/wp-json\/wp\/v2\/posts"}],"about":[{"href":"https:\/\/deltanet.hu\/index.php\/wp-json\/wp\/v2\/types\/post"}],"author":[{"embeddable":true,"href":"https:\/\/deltanet.hu\/index.php\/wp-json\/wp\/v2\/users\/4"}],"replies":[{"embeddable":true,"href":"https:\/\/deltanet.hu\/index.php\/wp-json\/wp\/v2\/comments?post=8354"}],"version-history":[{"count":1,"href":"https:\/\/deltanet.hu\/index.php\/wp-json\/wp\/v2\/posts\/8354\/revisions"}],"predecessor-version":[{"id":8356,"href":"https:\/\/deltanet.hu\/index.php\/wp-json\/wp\/v2\/posts\/8354\/revisions\/8356"}],"wp:featuredmedia":[{"embeddable":true,"href":"https:\/\/deltanet.hu\/index.php\/wp-json\/wp\/v2\/media\/8355"}],"wp:attachment":[{"href":"https:\/\/deltanet.hu\/index.php\/wp-json\/wp\/v2\/media?parent=8354"}],"wp:term":[{"taxonomy":"category","embeddable":true,"href":"https:\/\/deltanet.hu\/index.php\/wp-json\/wp\/v2\/categories?post=8354"},{"taxonomy":"post_tag","embeddable":true,"href":"https:\/\/deltanet.hu\/index.php\/wp-json\/wp\/v2\/tags?post=8354"}],"curies":[{"name":"wp","href":"https:\/\/api.w.org\/{rel}","templated":true}]}}