{"id":8418,"date":"2021-08-02T09:13:34","date_gmt":"2021-08-02T07:13:34","guid":{"rendered":"http:\/\/deltanet.hu\/?p=8418"},"modified":"2021-08-02T09:13:36","modified_gmt":"2021-08-02T07:13:36","slug":"meglesz-az-ara-a-latszat-5g-nek","status":"publish","type":"post","link":"https:\/\/deltanet.hu\/index.php\/meglesz-az-ara-a-latszat-5g-nek\/","title":{"rendered":"Meglesz az \u00e1ra a l\u00e1tszat 5G-nek"},"content":{"rendered":"\n<p>Ism\u00e9telten jelent\u0151s lemarad\u00e1ssal riogatja Eur\u00f3p\u00e1t az egyik legnagyobb helyi telekommunik\u00e1ci\u00f3s eszk\u00f6zgy\u00e1rt\u00f3, az Ericsson, mely j\u00falius elej\u00e9n v\u00e1zolta fel, hogy mi is a probl\u00e9ma az eur\u00f3pai 5G-s fejleszt\u00e9sekkel. A c\u00e9g szerint a legt\u00f6bb eur\u00f3pai szolg\u00e1ltat\u00f3 az als\u00f3 s\u00e1vtartom\u00e1nyban kezdte meg az 5G-s \u00e9p\u00edtkez\u00e9seket, aminek k\u00e9s\u0151bb meglehet m\u00e9g az \u00e1ra.<\/p>\n\n\n\n<p>A c\u00e9g szerint a nagy teljes\u00edtm\u00e9nyt \u00e9s lefedetts\u00e9get ny\u00fajt\u00f3 5G-s h\u00e1l\u00f3zatokhoz az \u00f6sszes, 5G-s h\u00e1l\u00f3zatok \u00e9p\u00edt\u00e9s\u00e9hez haszn\u00e1lhat\u00f3 spektrum egy\u00fcttes bevon\u00e1s\u00e1ra sz\u00fcks\u00e9g van, els\u0151sorban a C-s\u00e1vra, mely az 5G-s h\u00e1l\u00f3zatok els\u0151dleges viv\u0151frekvenci\u00e1ja, f\u0151k\u00e9nt a nagyv\u00e1rosi k\u00f6rnyezetben.<\/p>\n\n\n\n<p>Az Ericsson szerint azonban a s\u00e1vok haszn\u00e1lat\u00e1t lehet\u0151v\u00e9 tev\u0151 spektrum aukci\u00f3k t\u00f6bb eur\u00f3pai orsz\u00e1gban sem zajlottak le teljesk\u00f6r\u0171en. Eur\u00f3pai \u00e9s brit szolg\u00e1ltat\u00f3k a k\u00f6nnyebb utat v\u00e1lasztva a 4G-re haszn\u00e1lt spektrumot dinamikus megoszt\u00e1ssal \u00e9les\u00edtik az \u00faj gener\u00e1ci\u00f3s h\u00e1l\u00f3zatokat, melyek \u00edgy szinte semmilyen hozz\u00e1adott \u00e9rt\u00e9ket nem k\u00e9pviselnek az el\u0151z\u0151 gener\u00e1ci\u00f3hoz k\u00e9pest. Nem szolg\u00e1lnak komoly, az 5G \u00e1ltal el\u00e9rhet\u0151v\u00e9 v\u00e1l\u00f3 el\u0151nnyel p\u00e9ld\u00e1ul az ultra magas s\u00e1vsz\u00e9less\u00e9ggel \u00e9s az alacsony k\u00e9sleltet\u00e9ssel.<\/p>\n\n\n\n<p>Az oper\u00e1torok sz\u00e1m\u00e1ra a dinamikus \u00e1tcsoportos\u00edt\u00e1s alkalmaz\u00e1sa ugyanakkor a kezdeti \u00fcgyf\u00e9lig\u00e9nyekhez m\u00e9rten a legkev\u00e9sb\u00e9 f\u00e1jdalmas megold\u00e1s, hiszen sokszor m\u00e9g csak a megl\u00e9v\u0151 eszk\u00f6z\u00f6k cser\u00e9j\u00e9re, vagy \u00fajabb antenn\u00e1k telep\u00edt\u00e9s\u00e9re sincs sz\u00fcks\u00e9g, el\u00e9g egyes vez\u00e9rl\u0151 szoftvereket friss\u00edteni vagy megv\u00e1s\u00e1rolni a technol\u00f3giai licenceket a besz\u00e1ll\u00edt\u00f3t\u00f3l.<\/p>\n\n\n\n<p>B\u00e1r a v\u00e1llalat szerint az eur\u00f3pai 5G-s \u00e9p\u00edtkez\u00e9sek legnagyobb h\u00e1tr\u00e1ltat\u00f3ja a lass\u00fa spektrum \u00e9rt\u00e9kes\u00edt\u00e9s, illetve ahogy a c\u00e9g vez\u00e9rigazgat\u00f3ja kor\u00e1bban forgalmazott, a t\u00falszab\u00e1lyozott EU-s k\u00f6rnyezet, illetve a besz\u00e1ll\u00edt\u00f3i k\u00f6rnyezettel kapcsolatos bizonytalans\u00e1g is h\u00e1tr\u00e1ltatja az \u00e9p\u00edtkez\u00e9seket.<\/p>\n\n\n\n<p>Forr\u00e1s: https:\/\/www.hwsw.hu\/hirek\/63547\/ericsson-5g-europa-halozat- dss-4g-kozepsav.html<\/p>\n","protected":false},"excerpt":{"rendered":"<p>Ism\u00e9telten jelent\u0151s lemarad\u00e1ssal riogatja Eur\u00f3p\u00e1t az egyik legnagyobb helyi telekommunik\u00e1ci\u00f3s eszk\u00f6zgy\u00e1rt\u00f3, az Ericsson, mely j\u00falius elej\u00e9n v\u00e1zolta fel, hogy mi is a probl\u00e9ma az eur\u00f3pai<\/p>\n","protected":false},"author":4,"featured_media":8419,"comment_status":"closed","ping_status":"closed","sticky":false,"template":"","format":"standard","meta":{"_mi_skip_tracking":false},"categories":[36,35,4,30,284,37,701,34,33],"tags":[209,1054,844],"_links":{"self":[{"href":"https:\/\/deltanet.hu\/index.php\/wp-json\/wp\/v2\/posts\/8418"}],"collection":[{"href":"https:\/\/deltanet.hu\/index.php\/wp-json\/wp\/v2\/posts"}],"about":[{"href":"https:\/\/deltanet.hu\/index.php\/wp-json\/wp\/v2\/types\/post"}],"author":[{"embeddable":true,"href":"https:\/\/deltanet.hu\/index.php\/wp-json\/wp\/v2\/users\/4"}],"replies":[{"embeddable":true,"href":"https:\/\/deltanet.hu\/index.php\/wp-json\/wp\/v2\/comments?post=8418"}],"version-history":[{"count":1,"href":"https:\/\/deltanet.hu\/index.php\/wp-json\/wp\/v2\/posts\/8418\/revisions"}],"predecessor-version":[{"id":8420,"href":"https:\/\/deltanet.hu\/index.php\/wp-json\/wp\/v2\/posts\/8418\/revisions\/8420"}],"wp:featuredmedia":[{"embeddable":true,"href":"https:\/\/deltanet.hu\/index.php\/wp-json\/wp\/v2\/media\/8419"}],"wp:attachment":[{"href":"https:\/\/deltanet.hu\/index.php\/wp-json\/wp\/v2\/media?parent=8418"}],"wp:term":[{"taxonomy":"category","embeddable":true,"href":"https:\/\/deltanet.hu\/index.php\/wp-json\/wp\/v2\/categories?post=8418"},{"taxonomy":"post_tag","embeddable":true,"href":"https:\/\/deltanet.hu\/index.php\/wp-json\/wp\/v2\/tags?post=8418"}],"curies":[{"name":"wp","href":"https:\/\/api.w.org\/{rel}","templated":true}]}}