{"id":8427,"date":"2021-08-02T09:28:35","date_gmt":"2021-08-02T07:28:35","guid":{"rendered":"http:\/\/deltanet.hu\/?p=8427"},"modified":"2021-08-02T09:28:37","modified_gmt":"2021-08-02T07:28:37","slug":"osszezavarja-a-vasarlokat-az-energiacimke","status":"publish","type":"post","link":"https:\/\/deltanet.hu\/index.php\/osszezavarja-a-vasarlokat-az-energiacimke\/","title":{"rendered":"\u00d6sszezavarja a v\u00e1s\u00e1rl\u00f3kat az energiac\u00edmke"},"content":{"rendered":"\n<p>Mos\u00f3-, mosogat\u00f3-, mos\u00f3-sz\u00e1r\u00edt\u00f3 g\u00e9pek, h\u0171t\u0151szekr\u00e9nyek, fagyaszt\u00f3k \u00e9s borh\u0171t\u0151k \u2013 mind \u00faj energia besorol\u00e1st kaptak tavasszal. A boltokb\u00f3l elt\u0171nt az \u201eA+\u201d jelz\u00e9s, ami kor\u00e1bban az alacsony energiafogyaszt\u00e1s\u00fa k\u00e9sz\u00fcl\u00e9keket jel\u00f6lte.<\/p>\n\n\n\n<p>A MediaMarkt napokban lefolytatott kutat\u00e1s\u00e1nak eredm\u00e9nye meger\u0151s\u00edtette az elad\u00f3k tapasztalatait, miszerint a v\u00e1s\u00e1rl\u00f3k nagy r\u00e9sze m\u00e9g nem igazodik ki az \u00faj jel\u00f6l\u00e9seken.<\/p>\n\n\n\n<p>A 18 \u00e9vn\u00e9l id\u0151sebbek mind\u00f6ssze 43 sz\u00e1zal\u00e9ka hallott a m\u0171szaki cikkeket forgalmaz\u00f3 boltokban 5 h\u00f3napja bevezetett v\u00e1ltoz\u00e1sr\u00f3l. Csak minden nyolcadik ember tudja, hogy a r\u00e9gi jelz\u00e9sek mire v\u00e1ltoztak, m\u00edg majd minden m\u00e1sodik embernek fogalma sincs r\u00f3la, pedig a magyarok 58 sz\u00e1zal\u00e9k\u00e1nak sz\u00e1m\u00edt, hogy a k\u00e9sz\u00fcl\u00e9k m\u0171k\u00f6d\u00e9s k\u00f6zben mennyi energi\u00e1t haszn\u00e1l fel.<\/p>\n\n\n\n<p>A MediaMarkt \u00fcgyvezet\u0151 igazgat\u00f3ja szerint a jelenlegi helyzet sz\u00e1mos k\u00f6rnyezettudatos, vagy rezsi sp\u00f3rol\u00e1sra t\u00f6rekv\u0151 v\u00e1s\u00e1rl\u00f3 \u00e9let\u00e9t nehez\u00edti. \u0150k ugyanis fizetn\u00e9nek t\u00f6bbet is egy-egy k\u00e9sz\u00fcl\u00e9k\u00e9rt, ha b\u00edzhatn\u00e1nak benne, hogy az t\u00e9nyleg takar\u00e9kosan b\u00e1nik az energi\u00e1val. Csakhogy sokan elbizonytalanodnak, ha egy dr\u00e1g\u00e1bb h\u0171t\u0151n csak egy csupasz \u201eA\u201d-t vagy \u201eB\u201d jelz\u00e9st tal\u00e1lnak, mivel azt a r\u00e9gi beidegz\u0151d\u00e9sek alapj\u00e1n csak k\u00f6zepesen takar\u00e9kos energiafelhaszn\u00e1l\u00e1s\u00fa k\u00e9sz\u00fcl\u00e9knek v\u00e9lik. \u00cdgy nem \u00e9ri m\u00e1r meg nekik a t\u00f6bbletkiad\u00e1st.<\/p>\n\n\n\n<p>Az \u00faj szab\u00e1lyoz\u00e1s szerint az \u201eA\u201d marad ezent\u00fal is a legmagasabb energiaoszt\u00e1ly, de a pluszjelekt\u0151l megszabadul. P\u00e9ld\u00e1ul egy kor\u00e1bban A+++-os mosogat\u00f3g\u00e9p az \u00faj rendszer szerint csak a D kateg\u00f3ri\u00e1snak felel meg. Ez nem azt jelenti, hogy rosszabb min\u0151s\u00e9g\u0171 lett, csak a jel\u00f6l\u00e9si rendszer v\u00e1ltozott.<\/p>\n\n\n\n<p>A k\u00fcl\u00f6nf\u00e9le h\u00e1ztart\u00e1si g\u00e9pek energiahat\u00e9konys\u00e1gi besorol\u00e1s\u00e1hoz imm\u00e1r elt\u00e9r\u0151 sk\u00e1l\u00e1kat haszn\u00e1lnak. \u00cdgy el\u0151fordulhat, hogy k\u00e9t, kor\u00e1bban egyar\u00e1nt A+++-osk\u00e9nt ismert berendez\u00e9s, ma m\u00e1r csak C vagy D c\u00edmk\u00e9t visel.<\/p>\n\n\n\n<p>Forr\u00e1s: https:\/\/m.hvg.hu\/tudomany\/20210729_mediamarkt_uj_energia cimkek_kutatas<\/p>\n","protected":false},"excerpt":{"rendered":"<p>Mos\u00f3-, mosogat\u00f3-, mos\u00f3-sz\u00e1r\u00edt\u00f3 g\u00e9pek, h\u0171t\u0151szekr\u00e9nyek, fagyaszt\u00f3k \u00e9s borh\u0171t\u0151k \u2013 mind \u00faj energia besorol\u00e1st kaptak tavasszal. A boltokb\u00f3l elt\u0171nt az \u201eA+\u201d jelz\u00e9s, ami kor\u00e1bban az alacsony<\/p>\n","protected":false},"author":4,"featured_media":8428,"comment_status":"closed","ping_status":"closed","sticky":false,"template":"","format":"standard","meta":{"_mi_skip_tracking":false},"categories":[36,35,4,30,37],"tags":[1056,1058,1057],"_links":{"self":[{"href":"https:\/\/deltanet.hu\/index.php\/wp-json\/wp\/v2\/posts\/8427"}],"collection":[{"href":"https:\/\/deltanet.hu\/index.php\/wp-json\/wp\/v2\/posts"}],"about":[{"href":"https:\/\/deltanet.hu\/index.php\/wp-json\/wp\/v2\/types\/post"}],"author":[{"embeddable":true,"href":"https:\/\/deltanet.hu\/index.php\/wp-json\/wp\/v2\/users\/4"}],"replies":[{"embeddable":true,"href":"https:\/\/deltanet.hu\/index.php\/wp-json\/wp\/v2\/comments?post=8427"}],"version-history":[{"count":1,"href":"https:\/\/deltanet.hu\/index.php\/wp-json\/wp\/v2\/posts\/8427\/revisions"}],"predecessor-version":[{"id":8429,"href":"https:\/\/deltanet.hu\/index.php\/wp-json\/wp\/v2\/posts\/8427\/revisions\/8429"}],"wp:featuredmedia":[{"embeddable":true,"href":"https:\/\/deltanet.hu\/index.php\/wp-json\/wp\/v2\/media\/8428"}],"wp:attachment":[{"href":"https:\/\/deltanet.hu\/index.php\/wp-json\/wp\/v2\/media?parent=8427"}],"wp:term":[{"taxonomy":"category","embeddable":true,"href":"https:\/\/deltanet.hu\/index.php\/wp-json\/wp\/v2\/categories?post=8427"},{"taxonomy":"post_tag","embeddable":true,"href":"https:\/\/deltanet.hu\/index.php\/wp-json\/wp\/v2\/tags?post=8427"}],"curies":[{"name":"wp","href":"https:\/\/api.w.org\/{rel}","templated":true}]}}