{"id":8521,"date":"2021-08-23T10:34:58","date_gmt":"2021-08-23T08:34:58","guid":{"rendered":"http:\/\/deltanet.hu\/?p=8521"},"modified":"2021-08-23T10:35:01","modified_gmt":"2021-08-23T08:35:01","slug":"jogszabaly-az-egyseges-mobiltoltokert","status":"publish","type":"post","link":"https:\/\/deltanet.hu\/index.php\/jogszabaly-az-egyseges-mobiltoltokert\/","title":{"rendered":"Jogszab\u00e1ly az egys\u00e9ges mobilt\u00f6lt\u0151k\u00e9rt"},"content":{"rendered":"\n<p>Lehet, hogy v\u00e9g\u00fcl t\u00e9nyleg k\u00e9nytelen lesz az Apple USB-C-re cser\u00e9lni az iPhone-ok Lightning csatlakoz\u00f3j\u00e1t az Eur\u00f3pai Uni\u00f3 orsz\u00e1gaiban, miut\u00e1n az Eur\u00f3pai Bizotts\u00e1g v\u00e1rhat\u00f3an szeptemberben terjeszti el\u0151 az ezzel kapcsolatos jogszab\u00e1lyt. A jogszab\u00e1ly k\u00f6z\u00f6s t\u00f6lt\u0151portot hozna l\u00e9tre az \u00f6sszes mobiltelefon \u00e9s egy\u00e9b hasonl\u00f3 eszk\u00f6z sz\u00e1m\u00e1ra az Eur\u00f3pai Uni\u00f3 valamennyi orsz\u00e1g\u00e1ban.<\/p>\n\n\n\n<p>Mindez senkit sem \u00e9rhet v\u00e1ratlanul, ugyanis \u00e9vek \u00f3ta h\u00faz\u00f3d\u00f3 d\u00f6nt\u00e9sr\u0151l van sz\u00f3. 2018-ban az Eur\u00f3pai Bizotts\u00e1g m\u00e1r megpr\u00f3b\u00e1lt v\u00e9gleges \u00e1ll\u00e1sfoglal\u00e1st hozni ebben a k\u00e9rd\u00e9sben, de nem j\u00e1rtak sikerrel, \u00e9s v\u00e9g\u00fcl minden maradt a r\u00e9giben.<\/p>\n\n\n\n<p>Abban az id\u0151ben az Apple arra figyelmeztetett, hogy a k\u00f6z\u00f6s t\u00f6lt\u0151port r\u00e1k\u00e9nyszer\u00edt\u00e9se az ipar\u00e1gra elfojtja az innov\u00e1ci\u00f3t \u00e9s hatalmas mennyis\u00e9g\u0171 elektronikai hullad\u00e9kot okozna, mivel a fogyaszt\u00f3k k\u00e9nytelenek lesznek \u00faj k\u00e1belekre v\u00e1ltani.<\/p>\n\n\n\n<p>Az Eur\u00f3pai Bizotts\u00e1g 2019-ben v\u00e9gzett hat\u00e1svizsg\u00e1lati tanulm\u00e1nya meg\u00e1llap\u00edtotta, hogy a mobiltelefonnal \u00e9rt\u00e9kes\u00edtett t\u00f6lt\u0151k\u00e1belek fele USB csatlakoz\u00f3val, 29 sz\u00e1zal\u00e9kuk USB-C csatlakoz\u00f3val, 21 sz\u00e1zal\u00e9kuk pedig Lightning csatlakoz\u00f3val rendelkezik.<\/p>\n\n\n\n<p>Egy \u00fajs\u00e1g forr\u00e1sa szerint a jogszab\u00e1lyt az EU v\u00e9grehajt\u00f3 hat\u00f3s\u00e1ga k\u00e9sz\u00edti el\u0151, \u00e1m tov\u00e1bbi r\u00e9szleteket nem osztott meg ezzel kapcsolatban. Az eredm\u00e9ny viszont bor\u00edt\u00e9kolhat\u00f3, hiszen az Eur\u00f3pai Parlament t\u00f6rv\u00e9nyhoz\u00f3i tavaly els\u00f6pr\u0151 t\u00f6bbs\u00e9ggel szavaztak a k\u00f6z\u00f6s t\u00f6lt\u0151 mellett, a k\u00f6rnyezeti el\u0151ny\u00f6kre \u00e9s a felhaszn\u00e1l\u00f3k k\u00e9nyelm\u00e9re hivatkozva.<\/p>\n\n\n\n<p>Kor\u00e1bban sz\u00e1rnyra kapott a pletyka, hogy az Apple mindenf\u00e9le vezet\u00e9kes t\u00f6lt\u00e9si lehet\u0151s\u00e9get kihagy az iPhone-okb\u00f3l. Elemz\u0151i v\u00e1rakoz\u00e1sok szerint ez ha nem is id\u00e9n, de j\u00f6v\u0151re m\u00e1r megt\u00f6rt\u00e9nhet.<\/p>\n\n\n\n<p>Forr\u00e1s: https:\/\/hvg.hu\/tudomany\/20210817_eu_joszabaly_okostelefon _csatlakozok_egysegesitese_apple_lightning_port_iphone_mobi ltolto<\/p>\n","protected":false},"excerpt":{"rendered":"<p>Lehet, hogy v\u00e9g\u00fcl t\u00e9nyleg k\u00e9nytelen lesz az Apple USB-C-re cser\u00e9lni az iPhone-ok Lightning csatlakoz\u00f3j\u00e1t az Eur\u00f3pai Uni\u00f3 orsz\u00e1gaiban, miut\u00e1n az Eur\u00f3pai Bizotts\u00e1g v\u00e1rhat\u00f3an szeptemberben terjeszti<\/p>\n","protected":false},"author":4,"featured_media":8522,"comment_status":"closed","ping_status":"closed","sticky":false,"template":"","format":"standard","meta":{"_mi_skip_tracking":false},"categories":[35,4,30,284,37,34],"tags":[1093,1094,1095],"_links":{"self":[{"href":"https:\/\/deltanet.hu\/index.php\/wp-json\/wp\/v2\/posts\/8521"}],"collection":[{"href":"https:\/\/deltanet.hu\/index.php\/wp-json\/wp\/v2\/posts"}],"about":[{"href":"https:\/\/deltanet.hu\/index.php\/wp-json\/wp\/v2\/types\/post"}],"author":[{"embeddable":true,"href":"https:\/\/deltanet.hu\/index.php\/wp-json\/wp\/v2\/users\/4"}],"replies":[{"embeddable":true,"href":"https:\/\/deltanet.hu\/index.php\/wp-json\/wp\/v2\/comments?post=8521"}],"version-history":[{"count":1,"href":"https:\/\/deltanet.hu\/index.php\/wp-json\/wp\/v2\/posts\/8521\/revisions"}],"predecessor-version":[{"id":8523,"href":"https:\/\/deltanet.hu\/index.php\/wp-json\/wp\/v2\/posts\/8521\/revisions\/8523"}],"wp:featuredmedia":[{"embeddable":true,"href":"https:\/\/deltanet.hu\/index.php\/wp-json\/wp\/v2\/media\/8522"}],"wp:attachment":[{"href":"https:\/\/deltanet.hu\/index.php\/wp-json\/wp\/v2\/media?parent=8521"}],"wp:term":[{"taxonomy":"category","embeddable":true,"href":"https:\/\/deltanet.hu\/index.php\/wp-json\/wp\/v2\/categories?post=8521"},{"taxonomy":"post_tag","embeddable":true,"href":"https:\/\/deltanet.hu\/index.php\/wp-json\/wp\/v2\/tags?post=8521"}],"curies":[{"name":"wp","href":"https:\/\/api.w.org\/{rel}","templated":true}]}}