{"id":8606,"date":"2021-09-06T08:52:09","date_gmt":"2021-09-06T06:52:09","guid":{"rendered":"http:\/\/deltanet.hu\/?p=8606"},"modified":"2021-09-06T08:52:12","modified_gmt":"2021-09-06T06:52:12","slug":"windows-11-megjelenese","status":"publish","type":"post","link":"https:\/\/deltanet.hu\/index.php\/windows-11-megjelenese\/","title":{"rendered":"Windows 11 megjelen\u00e9se"},"content":{"rendered":"\n<p>A Microsoft bejelentette, hogy a Windows 11 okt\u00f3ber 5-\u00e9n jelenik meg hivatalosan, ami azt jelenti, hogy a kompatibilis g\u00e9pek ekkort\u00f3l kaphatj\u00e1k meg a Windows Update rendszeren kereszt\u00fcl ingyenes friss\u00edt\u00e9sk\u00e9nt a rendszert, illetve szint\u00e9n ekkor ker\u00fclnek majd forgalomba az els\u0151 olyan sz\u00e1m\u00edt\u00f3g\u00e9pek, laptopok, amikre m\u00e1r alapb\u00f3l a leg\u00fajabb rendszert telep\u00edtik.<\/p>\n\n\n\n<p>Fontos megeml\u00edteni, hogy a Windows 10-hez hasonl\u00f3an az \u00faj rendszert is szakaszosan bocs\u00e1tja rendelkez\u00e9sre a Microsoft, ami azt jelenti, hogy az els\u0151 k\u00f6rben legink\u00e1bb csak az \u00fajabb, alaposan kitesztelt \u00e9s v\u00e1rhat\u00f3an optim\u00e1lis teljes\u00edtm\u00e9nyt ny\u00fajt\u00f3 hardverekkel rendelkez\u0151 sz\u00e1m\u00edt\u00f3g\u00e9peken fog megjelenni a friss\u00edt\u00e9s, majd k\u00e9s\u0151bb b\u0151v\u00fcl a k\u00f6r.<\/p>\n\n\n\n<p>Ez a gyakorlatban azt jelenti, hogy bizonyos sz\u00e1m\u00edt\u00f3g\u00e9peken ak\u00e1r a j\u00f6v\u0151 \u00e9v k\u00f6zep\u00e9ig is v\u00e1rni kell majd, mire felaj\u00e1nlja a friss\u00edt\u00e9s lehet\u0151s\u00e9g\u00e9t a Windows 10.<\/p>\n\n\n\n<p>A Microsoft k\u00f6zl\u00e9se szerint bizonyos, \u00e1ltaluk &#8220;bizonytalannak&#8221; \u00edt\u00e9lt g\u00e9peknek egy r\u00e9sze a &#8220;nem t\u00e1mogatott&#8221; kateg\u00f3ri\u00e1ba ker\u00fclhet, \u00e9s \u00edgy k\u00f6nnyen lehet, hogy nem kaphat majd k\u00e9s\u0151bb friss\u00edt\u00e9seket, de m\u00e9g biztons\u00e1gi foltokat sem.<\/p>\n\n\n\n<p>Kider\u00fclt az is, hogy a Microsoft minden kor\u00e1bbin\u00e1l jobban szeretn\u00e9 tolni a saj\u00e1t alkalmaz\u00e1sait \u00e9s szolg\u00e1ltat\u00e1sait, \u00edgy term\u00e9szetesen a Windows 11 alap\u00e9rtelmezett b\u00f6ng\u00e9sz\u0151je az Edge lesz, ami nem \u00fajdons\u00e1g; az viszont igen, hogy j\u00f3val nehezebb lesz ezt lecser\u00e9lni b\u00e1rmi m\u00e1sra. A rendszerbe alapb\u00f3l be\u00e9p\u00fcl tov\u00e1bb\u00e1 a chatel\u0151s, videotelefon\u00e1l\u00f3s Teams egyszer\u0171bb, lakoss\u00e1gi v\u00e1ltozata.<\/p>\n\n\n\n<p>Ahogy az lenni szokott, alapvet\u0151en egy\u00e9bk\u00e9nt is ink\u00e1bb mindenkit \u00f3vatoss\u00e1gra intenek a friss\u00edt\u00e9ssel kapcsolatban: mint a legt\u00f6bb \u00fajdons\u00e1ggal, \u00fagy a Windows 11-gyel is \u00e9rdemes lehet a megjelen\u00e9s ut\u00e1n v\u00e1rni egy-k\u00e9t h\u00f3napot, am\u00edg az esetlegesen felmer\u00fcl\u0151 kezdeti hib\u00e1kat nem orvosolj\u00e1k.<\/p>\n\n\n\n<p>Forr\u00e1s: https:\/\/www.origo.hu\/techbazis\/20210831-datumot-kapott-a-wi ndows-11-megjelenese.html<\/p>\n","protected":false},"excerpt":{"rendered":"<p>A Microsoft bejelentette, hogy a Windows 11 okt\u00f3ber 5-\u00e9n jelenik meg hivatalosan, ami azt jelenti, hogy a kompatibilis g\u00e9pek ekkort\u00f3l kaphatj\u00e1k meg a Windows Update<\/p>\n","protected":false},"author":4,"featured_media":8519,"comment_status":"closed","ping_status":"closed","sticky":false,"template":"","format":"standard","meta":{"_mi_skip_tracking":false},"categories":[36,35,4,30,284,37,701,34,33],"tags":[567,916,871,991],"_links":{"self":[{"href":"https:\/\/deltanet.hu\/index.php\/wp-json\/wp\/v2\/posts\/8606"}],"collection":[{"href":"https:\/\/deltanet.hu\/index.php\/wp-json\/wp\/v2\/posts"}],"about":[{"href":"https:\/\/deltanet.hu\/index.php\/wp-json\/wp\/v2\/types\/post"}],"author":[{"embeddable":true,"href":"https:\/\/deltanet.hu\/index.php\/wp-json\/wp\/v2\/users\/4"}],"replies":[{"embeddable":true,"href":"https:\/\/deltanet.hu\/index.php\/wp-json\/wp\/v2\/comments?post=8606"}],"version-history":[{"count":1,"href":"https:\/\/deltanet.hu\/index.php\/wp-json\/wp\/v2\/posts\/8606\/revisions"}],"predecessor-version":[{"id":8607,"href":"https:\/\/deltanet.hu\/index.php\/wp-json\/wp\/v2\/posts\/8606\/revisions\/8607"}],"wp:featuredmedia":[{"embeddable":true,"href":"https:\/\/deltanet.hu\/index.php\/wp-json\/wp\/v2\/media\/8519"}],"wp:attachment":[{"href":"https:\/\/deltanet.hu\/index.php\/wp-json\/wp\/v2\/media?parent=8606"}],"wp:term":[{"taxonomy":"category","embeddable":true,"href":"https:\/\/deltanet.hu\/index.php\/wp-json\/wp\/v2\/categories?post=8606"},{"taxonomy":"post_tag","embeddable":true,"href":"https:\/\/deltanet.hu\/index.php\/wp-json\/wp\/v2\/tags?post=8606"}],"curies":[{"name":"wp","href":"https:\/\/api.w.org\/{rel}","templated":true}]}}