{"id":8614,"date":"2021-09-06T09:21:19","date_gmt":"2021-09-06T07:21:19","guid":{"rendered":"http:\/\/deltanet.hu\/?p=8614"},"modified":"2021-09-06T09:21:22","modified_gmt":"2021-09-06T07:21:22","slug":"muholdas-hanghivas","status":"publish","type":"post","link":"https:\/\/deltanet.hu\/index.php\/muholdas-hanghivas\/","title":{"rendered":"M\u0171holdas hangh\u00edv\u00e1s"},"content":{"rendered":"\n<p>Az Apple \u00fcgyeiben jellemz\u0151en bennfentes inform\u00e1ci\u00f3kkal rendelkez\u0151 szak\u00e9rt\u0151 arra sz\u00e1m\u00edt, hogy a szeptember k\u00f6zep\u00e9n bemutatkoz\u00f3 iPhone 13 csal\u00e1d egyes p\u00e9ld\u00e1nyai alacsony F\u00f6ld k\u00f6r\u00fcli p\u00e1ly\u00e1n kering\u0151 m\u0171holdas t\u00e1mogat\u00e1ssal \u00e9rkeznek.<\/p>\n\n\n\n<p>A szakember szerint ily m\u00f3don az Apple k\u00e9sz\u00fcl\u00e9keivel f\u00f6ldfelsz\u00edni mobil lefedetts\u00e9g n\u00e9lk\u00fcl is lehetne h\u00edv\u00e1st ind\u00edtani vagy \u00fczenetet k\u00fcldeni. Ezzel az iPhone-ok szabadt\u00e9ri lefedetts\u00e9ge komoly m\u00e9rt\u00e9kben javulhatna, hab\u00e1r a frissen megszell\u0151ztetett inform\u00e1ci\u00f3 sz\u00e1mos k\u00e9rd\u00e9st is felvet.<\/p>\n\n\n\n<p>T\u00f6bbek k\u00f6z\u00f6tt egyel\u0151re nem vil\u00e1gos, hogy a m\u0171holdas t\u00e1mogat\u00e1ssal csak az Apple \u00f6kosziszt\u00e9m\u00e1j\u00e1n bel\u00fcl vagy azon k\u00edv\u00fcl is lehet-e majd kommunik\u00e1lni. El\u0151bbi a hossz\u00fa \u00e9vek \u00f3ta l\u00e9tez\u0151, internet alap\u00fa FaceTime \u00e9s iMessage csatorn\u00e1kat fedn\u00e9 le, amelyeket jelenleg valamilyen mobilinternettel vagy Wi-Fi-s kapcsolattal lehet kiakn\u00e1zni. Amennyiben az Apple sz\u00e9lesebb k\u00f6r\u0171 t\u00e1mogat\u00e1st biztos\u00edt majd, \u00fagy a m\u0171holdas kapcsolat elm\u00e9letileg b\u00e1rmilyen telefonsz\u00e1mra lehetne h\u00edv\u00e1st ind\u00edtani, vagy \u00fczenetet k\u00fcldeni.<\/p>\n\n\n\n<p>A m\u00e1sik nagy k\u00e9rd\u00e9s, hogy mindez\u00e9rt mennyit \u00e9s kinek kell majd fizetni, a m\u0171holdas flotta \u00fczemeltet\u00e9se ugyanis viszonylag k\u00f6lts\u00e9ges. A kiad\u00e1sok id\u0151vel egyre t\u00f6bb \u00fcgyf\u00e9l k\u00f6z\u00f6tt oszlanak majd el, az Apple ugyanis t\u00f6bb j\u00f6v\u0151beni term\u00e9k\u00e9be is betenn\u00e9 a t\u00e1mogat\u00e1st. Az is \u00e9rdekes k\u00e9rd\u00e9s, hogy mit sz\u00f3lnak majd ehhez a mobilszolg\u00e1ltat\u00f3k, akiket ily m\u00f3don megker\u00fclhet az Apple, s\u0151t, sz\u00e9ls\u0151s\u00e9ges esetben ak\u00e1r piacot is szerezhet t\u0151l\u00fck.<\/p>\n\n\n\n<p>Az emlegetett alacsony r\u00f6pp\u00e1ly\u00e1j\u00fa m\u0171holdak a F\u00f6ld felsz\u00edn\u00e9t\u0151l legal\u00e1bb 200 \u00e9s legfeljebb 2000 kilom\u00e9terre helyezkednek el. Viszonylag kis magass\u00e1guk miatt egyetlen m\u0171hold relat\u00edve kis ter\u00fcletet k\u00e9pes lefedni, ez\u00e9rt glob\u00e1lis szolg\u00e1ltat\u00e1s ki\u00e9p\u00edt\u00e9s\u00e9hez sok, legal\u00e1bb 60-70 darab m\u0171holdra lehet sz\u00fcks\u00e9g.<\/p>\n\n\n\n<p>Forr\u00e1s: https:\/\/www.hwsw.hu\/hirek\/63675\/apple-iphone-13-leo-muhold -muholdas-mobil-lefedettseg.html<\/p>\n","protected":false},"excerpt":{"rendered":"<p>Az Apple \u00fcgyeiben jellemz\u0151en bennfentes inform\u00e1ci\u00f3kkal rendelkez\u0151 szak\u00e9rt\u0151 arra sz\u00e1m\u00edt, hogy a szeptember k\u00f6zep\u00e9n bemutatkoz\u00f3 iPhone 13 csal\u00e1d egyes p\u00e9ld\u00e1nyai alacsony F\u00f6ld k\u00f6r\u00fcli p\u00e1ly\u00e1n kering\u0151<\/p>\n","protected":false},"author":4,"featured_media":8615,"comment_status":"closed","ping_status":"closed","sticky":false,"template":"","format":"standard","meta":{"_mi_skip_tracking":false},"categories":[36,35,4,30,284,37,1,701,34,33],"tags":[952,1123,1126,133,1122,1124,1125],"_links":{"self":[{"href":"https:\/\/deltanet.hu\/index.php\/wp-json\/wp\/v2\/posts\/8614"}],"collection":[{"href":"https:\/\/deltanet.hu\/index.php\/wp-json\/wp\/v2\/posts"}],"about":[{"href":"https:\/\/deltanet.hu\/index.php\/wp-json\/wp\/v2\/types\/post"}],"author":[{"embeddable":true,"href":"https:\/\/deltanet.hu\/index.php\/wp-json\/wp\/v2\/users\/4"}],"replies":[{"embeddable":true,"href":"https:\/\/deltanet.hu\/index.php\/wp-json\/wp\/v2\/comments?post=8614"}],"version-history":[{"count":1,"href":"https:\/\/deltanet.hu\/index.php\/wp-json\/wp\/v2\/posts\/8614\/revisions"}],"predecessor-version":[{"id":8616,"href":"https:\/\/deltanet.hu\/index.php\/wp-json\/wp\/v2\/posts\/8614\/revisions\/8616"}],"wp:featuredmedia":[{"embeddable":true,"href":"https:\/\/deltanet.hu\/index.php\/wp-json\/wp\/v2\/media\/8615"}],"wp:attachment":[{"href":"https:\/\/deltanet.hu\/index.php\/wp-json\/wp\/v2\/media?parent=8614"}],"wp:term":[{"taxonomy":"category","embeddable":true,"href":"https:\/\/deltanet.hu\/index.php\/wp-json\/wp\/v2\/categories?post=8614"},{"taxonomy":"post_tag","embeddable":true,"href":"https:\/\/deltanet.hu\/index.php\/wp-json\/wp\/v2\/tags?post=8614"}],"curies":[{"name":"wp","href":"https:\/\/api.w.org\/{rel}","templated":true}]}}